{"id":7348,"date":"2018-11-09T12:09:58","date_gmt":"2018-11-09T10:09:58","guid":{"rendered":"http:\/\/mnlr.ro\/?p=7348"},"modified":"2018-11-09T12:09:58","modified_gmt":"2018-11-09T10:09:58","slug":"mnlr-observator-lyceum-cu-cristina-andrei","status":"publish","type":"post","link":"https:\/\/mnlr.ro\/en\/mnlr-observator-lyceum-cu-cristina-andrei\/","title":{"rendered":"MNLR | Observator Lyceum cu Cristina Andrei"},"content":{"rendered":"<p>La edi\u021bia din luna noiembrie a\u00a0<em>Observator Lyceum<\/em>, seria de \u00eent\u00e2lniri \u00eentre liceeni \u015fi scriitori rom\u00e2ni ini\u0163iate \u00een luna mai 2017 de revista\u00a0<em>Observator cultural,<\/em> invitat\u0103 este Cristina Andrei, autoarea volumului de nuvele\u00a0<em>Matriarhat<\/em>\u00a0(Editura Nemira, 2018). Evenimentul va avea loc vineri, 9 noiembrie, de la ora 18.30, la Muzeul Na\u021bional al Literaturii Rom\u00e2ne (strada Nicolae Cre\u021bulescu nr. 8, Bucure\u0219ti), iar intrarea este liber\u0103.<\/p>\n<p>Invita\u0163ii edi\u0163iilor anterioare au fost: Octavian Soviany, laureatul Premiului\u00a0<em>Observator Lyceum<\/em>, \u00een 2016, pentru romanul\u00a0<em>Moartea lui Siegfried<\/em>\u00a0(Editura Cartea Rom\u00e2neasc\u0103), sculptorul Mircea Roman (cel care realizeaz\u0103 trofeul\u00a0<em>Observator Lyceum<\/em>), Bogdan-Alexandru St\u0103nescu \u0219i Vlad Zografi (c\u00e2\u015ftig\u0103tor al Premiului\u00a0<em>Observator Lyceum\u00a0\u00a0<\/em>pentru proz\u0103 la Gala Premiilor\u00a0<em>Observator cultural<\/em>\u00a02017, pentru romanul\u00a0<em>Efectele secundare ale vie\u021bii<\/em>, Editura Humanitas), Veronica D. Niculescu, autoarea romanului\u00a0<em>O var\u0103 cu Isidor<\/em>\u00a0(Editura Polirom, Colec\u021bia Junior, coordonat\u0103 de Bogdan-Alexandru St\u0103nescu, 2017), Ana Maria Sandu, cu volumul\u00a0<em>Pere\u0163i sub\u0163iri<\/em>\u00a0(Editura Polirom, 2017), R\u0103zvan Petrescu, autorul volumului de proz\u0103 scurt\u0103\u00a0<em>Mandarina<\/em>\u00a0(Editura Curtea Veche, 2017), c\u00e2\u015ftig\u0103tor al Premiului pentru Proz\u0103 la Gala Premiior\u00a0<em>Observator cultural<\/em>\u00a02018 \u015fi al Premiului Na\u0163ional de Proz\u0103 acordat de\u00a0<em>Ziarul de Ia\u015fi<\/em>, Cristian Fula\u0219, cu dou\u0103 volume publicate anul acesta la Editura Polirom:\u00a0<em>Cei frumo\u0219i \u0219i cei buni\u00a0<\/em>\u0219i\u00a0<em>F\u00e2\u0219ii de ru\u0219ine<\/em>, edi\u021bia a II-a, rev\u0103zut\u0103 (Premiul pentru Debut \u00een cadrul Galei Premiilor\u00a0<em>Observator cultural<\/em>\u00a02016).<\/p>\n<p>La eveniment \u2013 organizat de revista\u00a0<em>Observator cultural<\/em>\u00a0\u0219i sus\u021binut de Muzeul Na\u021bional al Literaturii Rom\u00e2ne, \u00een parteneriat cu Alpha Bank \u2013 particip\u0103 elevi de la licee din Bucure\u0219ti, unii dintre ei, membri ai juriului care acord\u0103 Premiul\u00a0<em>Observator Lyceum<\/em>pentru proz\u0103, ini\u021biat \u00een 2016 \u0219i decernat anual, \u00een cadrul Galei Premiilor\u00a0<em>Observator cultural<\/em>.<\/p>\n<p>\u00cen dezbatere se va afla volumul\u00a0<em>Matriarhat<\/em>\u00a0(ap\u0103rut \u00een noua colec\u021bie a Editurii Nemira, \u201en\u2019autor\u201c, coordonat\u0103 de Eli B\u0103dic\u0103), care con\u021bine opt povestiri despre opt personaje feminine surprinse \u00een diferite contexte din via\u021ba lor personal\u0103 sau profesional\u0103\/social\u0103. \u201eUniversul fic\u021bional al Cristinei Andrei surprinde prin diversitatea tipologiilor umane, prin subtilitate narativ\u0103 \u0219i prin capacitatea de a concentra, pe spa\u021bii mici, pove\u0219ti de via\u021b\u0103, destine fr\u00e2nte, portrete \u00een mi\u0219care ale unor oameni obi\u0219nui\u021bi. Prozele ei vorbesc despre irosire \u0219i e\u0219ecuri existen\u021biale, despre vulnerabilitate \u0219i bucurie, dragoste \u0219i ur\u0103 pustiitoare, furie \u0219i tandre\u021be, despre suferin\u021b\u0103 \u0219i moarte, \u00eempletite, toate, \u00een via\u021ba de zi cu zi. Opt secven\u021be de via\u021b\u0103 cotidian\u0103 tr\u0103it\u0103 tumultuos \u0219i atinse, nu de pu\u021bine ori, de violen\u021b\u0103: consumul de alcool, frustr\u0103rile de tot felul, insatisfac\u021biile ce rod \u00eenc\u0103 din copil\u0103rie, incapacitatea de a-l \u00een\u021belege \u0219i de a-l cunoa\u0219te pe cel\u0103lalt le transform\u0103 pe (anti)eroinele celor opt nara\u021biuni \u00een fiin\u021be lipsite de str\u0103lucire, atinse de degradare fizic\u0103 \u0219i moral\u0103. O infernal\u0103 comedie uman\u0103 se desf\u0103\u0219oar\u0103 \u00een aceste pagini de mare for\u021b\u0103, ce dezv\u0103luie o prozatoare rafinat\u0103 \u0219i pe deplin st\u0103p\u00e2n\u0103 a artei de a-\u0219i seduce cititorii\u201c (<strong>Carmen MU\u015eAT<\/strong>)<\/p>\n<p><strong>Cristina ANDREI\u00a0<\/strong>este absolvent\u0103 a Facult\u0103\u0163ii de Filologie a Universit\u0103\u0163ii Bucure\u015fti, specializarea limba \u0219i literatura rom\u00e2n\u0103 \u2013 limba \u0219i literatura italian\u0103. Pentru scurt\u0103 vreme a fost profesoar\u0103 de limba \u015fi literatura rom\u00e2n\u0103, iar din 1990 p\u00e2n\u0103 ast\u0103zi este redactor, realizator, produc\u0103tor de emisiuni culturale \u015fi religioase \u00een cadrul redac\u0163iilor Cultural, Educa\u0163ie-\u015etiin\u0163\u0103, Via\u0163\u0103 spiritual\u0103 \u015fi Religie ale postului public de televiziune, redactor-\u015fef al Redac\u0163iei Educa\u0163ie \u015etiin\u0163\u0103 (2006\/2007), editor coordonator pe domeniile Educa\u0163ie, Copii, Tineret (2007\/2008), Redactor \u2013 coordonator al transmisiilor directe realizate de TVR, \u00een timpul vizitei SS Papa Ioan Paul al II-lea, reporter special pe perioada vizitei PF Teoctist, Patriarhul BOR, la Vatican. Printre emisiunile realizate de Cristina Andrei se num\u0103r\u0103\u00a0<em>Symposion, Studioul de literatur\u0103, Limba noastr\u0103, Confluen\u0163e, Lumin\u0103 din lumin\u0103, Ie\u015firea din cerc, Itinerarii spirituale, R\u0103scruci, Via Sacra, Repere sacre, \u00centre cer \u015fi p\u0103m\u00e2nt, Chip \u015fi asem\u0103nare, Sfin\u0163i \u015fi meserii, Transcenden\u0163e, Tot ce conteaz\u0103 e Cine voi fi, Universul Credin\u0163ei<\/em>.<\/p>\n<p>A debutat cu romanul\u00a0<em>Abonatul nu poate fi contactat<\/em><strong><em>.<\/em><\/strong>\u00a0ap\u0103rut \u00een octombrie 2014 la Editura Nemira \u0219i distins cu premiile pentru debut ale revistelor\u00a0<em>Observator cultural<\/em>\u00a0\u015fi\u00a0<em>Accente<\/em>. A fost prezent\u0103 \u00een antologia de proz\u0103\u00a0<em>Ora\u0219ul<\/em><strong>,\u00a0<\/strong>cu nuvela\u00a0<em>Zece ore<\/em>\u00a0(Getstaalt Books, 2015), iar anul acesta, a publicat volumul de nuvele\u00a0<em>Matriarhat<\/em>\u00a0(Editura Nemira). Este, de asemenea, autoarea a \u0219apte monografii g\u0103zduite de revista\u00a0<em>M\u0103n\u0103stiri Ortodoxe<\/em><strong>\u00a0\u00a0<\/strong>(Nucet, Alma\u015f, Co\u015funa, Celic Dere, Comana, Cotmeana, Crasna).<\/p>\n<p>Printre premiile cu care a fost recompensat\u0103, amintim Premiul pentru originalitate \u201eMircea Giosanu\u201c, al Funda\u0163iei Crescent, pentru filmul documentar\u00a0<em>Antim Ivireanul, o canonizare \u00eendelung a\u015fteptat\u0103<\/em>\u00a0(1992), Premiul APTR, \u00een calitate de coordonator, \u00eempreun\u0103 cu echipa redac\u0163ional\u0103, pentru cea mai bun\u0103 transmisiune direct\u0103 a anului, Vizita SS Ioan Paul al ll-lea, \u00een Rom\u00e2nia (1999); selec\u0163ie \u015fi nominalizare la Marele Premiu al Festivalului de Film Documentar de la Ohrid, Macedonia, cu documentarul\u00a0<em>Chipuri sfinte din fl\u0103c\u0103ri<\/em>, dedicat artei emailului (2002), Men\u0163iune special\u0103 la Festivalul de Film Documentar de la Aegialis, Amorgos, Grecia, cu filmul documentar\u00a0<em>Sus, pe colin\u0103, \u00een a\u015fteptarea lui Dumnezeu<\/em>\u00a0(<em>Up on the Hill, Waiting for God<\/em>) (2012), Premiul ll la Festivalul de Film Documentar Yperia, Amorgos, Grecia, cu filmul documentar\u00a0<em>Raiul de sub cer<\/em>\u00a0(<em>The Haven Behind the Sky<\/em>) (2013), Medalia \u201eCorneliu Coposu\u201c, a Funda\u0163iei \u201eCorneliu Coposu\u201c pentru filmul\u00a0<em>M\u0103rturii despre o via\u0163\u0103 exemplar\u0103 \u2013 Corneliu Coposu<\/em>\u00a0(2014).<\/p>\n<p>&nbsp;<\/p>","protected":false},"excerpt":{"rendered":"<p>La edi\u021bia din luna noiembrie a\u00a0Observator Lyceum, seria de \u00eent\u00e2lniri \u00eentre liceeni \u015fi scriitori rom\u00e2ni ini\u0163iate \u00een luna mai 2017&#8230;<\/p>","protected":false},"author":8,"featured_media":7349,"comment_status":"closed","ping_status":"closed","sticky":false,"template":"","format":"standard","meta":{"_exactmetrics_skip_tracking":false,"_exactmetrics_sitenote_active":false,"_exactmetrics_sitenote_note":"","_exactmetrics_sitenote_category":0,"footnotes":""},"categories":[1],"tags":[],"class_list":["post-7348","post","type-post","status-publish","format-standard","has-post-thumbnail","hentry","category-uncategorized"],"_links":{"self":[{"href":"https:\/\/mnlr.ro\/en\/wp-json\/wp\/v2\/posts\/7348","targetHints":{"allow":["GET"]}}],"collection":[{"href":"https:\/\/mnlr.ro\/en\/wp-json\/wp\/v2\/posts"}],"about":[{"href":"https:\/\/mnlr.ro\/en\/wp-json\/wp\/v2\/types\/post"}],"author":[{"embeddable":true,"href":"https:\/\/mnlr.ro\/en\/wp-json\/wp\/v2\/users\/8"}],"replies":[{"embeddable":true,"href":"https:\/\/mnlr.ro\/en\/wp-json\/wp\/v2\/comments?post=7348"}],"version-history":[{"count":1,"href":"https:\/\/mnlr.ro\/en\/wp-json\/wp\/v2\/posts\/7348\/revisions"}],"predecessor-version":[{"id":7350,"href":"https:\/\/mnlr.ro\/en\/wp-json\/wp\/v2\/posts\/7348\/revisions\/7350"}],"wp:featuredmedia":[{"embeddable":true,"href":"https:\/\/mnlr.ro\/en\/wp-json\/wp\/v2\/media\/7349"}],"wp:attachment":[{"href":"https:\/\/mnlr.ro\/en\/wp-json\/wp\/v2\/media?parent=7348"}],"wp:term":[{"taxonomy":"category","embeddable":true,"href":"https:\/\/mnlr.ro\/en\/wp-json\/wp\/v2\/categories?post=7348"},{"taxonomy":"post_tag","embeddable":true,"href":"https:\/\/mnlr.ro\/en\/wp-json\/wp\/v2\/tags?post=7348"}],"curies":[{"name":"wp","href":"https:\/\/api.w.org\/{rel}","templated":true}]}}