{"id":7512,"date":"2018-11-26T13:19:54","date_gmt":"2018-11-26T11:19:54","guid":{"rendered":"http:\/\/mnlr.ro\/?p=7512"},"modified":"2018-11-26T13:19:54","modified_gmt":"2018-11-26T11:19:54","slug":"lansare-fraht-rodica-draghincescu","status":"publish","type":"post","link":"https:\/\/mnlr.ro\/en\/lansare-fraht-rodica-draghincescu\/","title":{"rendered":"Lansare \u201eFRAHT\u201d &#8211; Rodica Draghincescu"},"content":{"rendered":"<p><strong>Muzeul Na\u021bional al Literaturii Rom\u00e2ne v\u0103 invit\u0103 la evenimentul de lansare a volumului \u201eFRAHT\u201d \u2013 Rodica Draghincescu, ap\u0103rut la Casa de editur\u0103 Max Blecher, mar\u021bi, 27 noiembrie 2018, ora 17.00, \u00een sala Perpessicius din Str. Nicolae Cre\u021bulescu nr. 8 (\u00een spatele Bisericii Albe)<\/strong><\/p>\n<p><strong>\u00a0<\/strong><\/p>\n<p>Rodica Draghincescu (n. 1962, Buzia\u0219, jude\u021bul Timi\u0219) este o poet\u0103, prozatoare, eseist\u0103 \u0219i traduc\u0103toare stabilit\u0103 \u00een Fran\u021ba. Dup\u0103 \u00eencheierea studiilor de filologie la Universitatea de Vest din Timi\u0219oara \u0219i publicarea unor volume de\u00a0<a href=\"https:\/\/www.bookaholic.ro\/tag\/poezie\">poezie<\/a>\u00a0importante, care au reliefat prezen\u021ba femininului \u00een literatura genera\u021biei \u201990, precum\u00a0<em>Fiecare avem sub pat ni\u0219te fotografii de care ne este ru\u0219ine<\/em>(1995),\u00a0<em>Obiect de lux ascu\u021bit pe ambele p\u0103r\u021bi<\/em>\u00a0(1997),\u00a0<em>Ah!\u00a0<\/em>(1998) \u0219i\u00a0<em>EU-gen\u00eda<\/em>\u00a0(2000), Rodica Draghincescu devine scriitoare de limb\u0103 francez\u0103. \u00cei apar \u00een Fran\u021ba volume de poezie (<em>La poussi\u00e8re du soir<\/em>, 2001;\u00a0<em>La lune n\u2019est pas un simple mouchoir<\/em>, 2003;\u00a0<em>Ra(ts)<\/em>, 2012;\u00a0<em>Rienne<\/em>, 2015), romane, eseuri \u0219i interviuri cu personalit\u0103\u021bi ale literaturii europene, reunite \u00een\u00a0<em>Entretiens avec Rodica Draghincescu\u00a0<\/em>(2004). A fondat \u00een 2010 revista\u00a0<em>Levure litt\u00e9raire<\/em>\u00a0\u0219i a func\u021bionat ca liant \u00eentre mai multe culturi, traduc\u00e2nd poe\u021bi polonezi, luxemburghezi, belgieni, italieni \u0219i francezi.<\/p>\n<p>\u00cen 2018, R.D. revine la scrisul \u00een limba rom\u00e2n\u0103 odat\u0103 cu volumul\u00a0<em>FRAHT<\/em>, lansat de Casa de Editur\u0103 Max Blecher.<\/p>\n<p><strong>\u00a0<\/strong><\/p>\n<p>Intrarea este liber\u0103, \u00een limita locurilor disponibile.<\/p>\n<p>V\u0103 a\u0219tept\u0103m cu drag!<\/p>\n<p>&nbsp;<\/p>","protected":false},"excerpt":{"rendered":"<p>Muzeul Na\u021bional al Literaturii Rom\u00e2ne v\u0103 invit\u0103 la evenimentul de lansare a volumului \u201eFRAHT\u201d \u2013 Rodica Draghincescu, ap\u0103rut la Casa&#8230;<\/p>","protected":false},"author":8,"featured_media":7513,"comment_status":"closed","ping_status":"closed","sticky":false,"template":"","format":"standard","meta":{"_exactmetrics_skip_tracking":false,"_exactmetrics_sitenote_active":false,"_exactmetrics_sitenote_note":"","_exactmetrics_sitenote_category":0,"footnotes":""},"categories":[21],"tags":[],"class_list":["post-7512","post","type-post","status-publish","format-standard","has-post-thumbnail","hentry","category-lansari-de-carte"],"_links":{"self":[{"href":"https:\/\/mnlr.ro\/en\/wp-json\/wp\/v2\/posts\/7512","targetHints":{"allow":["GET"]}}],"collection":[{"href":"https:\/\/mnlr.ro\/en\/wp-json\/wp\/v2\/posts"}],"about":[{"href":"https:\/\/mnlr.ro\/en\/wp-json\/wp\/v2\/types\/post"}],"author":[{"embeddable":true,"href":"https:\/\/mnlr.ro\/en\/wp-json\/wp\/v2\/users\/8"}],"replies":[{"embeddable":true,"href":"https:\/\/mnlr.ro\/en\/wp-json\/wp\/v2\/comments?post=7512"}],"version-history":[{"count":1,"href":"https:\/\/mnlr.ro\/en\/wp-json\/wp\/v2\/posts\/7512\/revisions"}],"predecessor-version":[{"id":7514,"href":"https:\/\/mnlr.ro\/en\/wp-json\/wp\/v2\/posts\/7512\/revisions\/7514"}],"wp:featuredmedia":[{"embeddable":true,"href":"https:\/\/mnlr.ro\/en\/wp-json\/wp\/v2\/media\/7513"}],"wp:attachment":[{"href":"https:\/\/mnlr.ro\/en\/wp-json\/wp\/v2\/media?parent=7512"}],"wp:term":[{"taxonomy":"category","embeddable":true,"href":"https:\/\/mnlr.ro\/en\/wp-json\/wp\/v2\/categories?post=7512"},{"taxonomy":"post_tag","embeddable":true,"href":"https:\/\/mnlr.ro\/en\/wp-json\/wp\/v2\/tags?post=7512"}],"curies":[{"name":"wp","href":"https:\/\/api.w.org\/{rel}","templated":true}]}}