{"id":7529,"date":"2018-11-23T14:53:06","date_gmt":"2018-11-23T12:53:06","guid":{"rendered":"http:\/\/mnlr.ro\/?p=7529"},"modified":"2018-11-26T14:59:57","modified_gmt":"2018-11-26T12:59:57","slug":"operatiunea-pisicissius-2018-dadece-are-literatura-muzeu","status":"publish","type":"post","link":"https:\/\/mnlr.ro\/en\/operatiunea-pisicissius-2018-dadece-are-literatura-muzeu\/","title":{"rendered":"Opera\u021biunea PISICISSIUS &#8211; 2018 | Da\u2019DeCe are literatura muzeu?"},"content":{"rendered":"<div id=\"gallery-1\" class=\"gallery galleryid-5246 gallery-columns-1 gallery-size-thumbnail\">\n<div class=\"galleria-container notouch\">\n<div class=\"galleria-stage\">\n<div class=\"galleria-images\">\n<div class=\"galleria-image\">Proiecte noi pentru copii!<\/div>\n<\/div>\n<\/div>\n<\/div>\n<\/div>\n<p><a href=\"https:\/\/www.asociatiadadece.ro\/wp-content\/uploads\/2018\/02\/tema-1-DaDeCe-are-literatura-muzeu.pdf\">tema 1 DaDeCe are literatura muzeu<\/a>\u00a0\u2013 pentru \u0219coli \u2013 tema \u201dDa\u2019DeCe are literatura muzeu?\u201d<br \/>\n<a href=\"https:\/\/www.asociatiadadece.ro\/wp-content\/uploads\/2018\/02\/tema-2-DaDeCe-are-literatura-muzeu.pdf\">tema 2 DaDeCe are literatura muzeu<\/a>\u00a0\u2013 pentru \u0219coli \u2013 tema \u201dCum s\u0103 fac \u0219i cum s\u0103 zic\u2026\u201d<br \/>\n<a href=\"https:\/\/www.asociatiadadece.ro\/wp-content\/uploads\/2018\/02\/tema-3-DaDeCe-are-literatura-muzeu.pdf\">tema 3 DaDeCe are literatura muzeu<\/a>\u00a0\u2013 pentru \u0219coli \u2013 tema \u201dLabirintul limbilor\u201d<\/p>\n<p>Pentru c\u0103 motanul de ras\u0103 invizibil\u0103, Pisicissius, nu a fost descoperit pe parcursul lunii noiembrie, \u00een ciuda num\u0103rului mare de copii care au participat, suntem nevoi\u021bi s\u0103 prelungim opera\u021biunea \u0219i s\u0103-i d\u0103m un chip motanului. Copiii vor fi invita\u021bi s\u0103-l deseneze pe motan numai dac\u0103\u2026 dar numai dac\u0103\u2026 ascult\u0103 pove\u0219tile lui, scrise cu litere invizibile pe foile abia auzite din Muzeul Literaturii.<br \/>\nScopul opera\u021biunii este ca Pisicissius s\u0103 capete un chip care va deveni partea lui vizibil\u0103 pe lumea asta, iar copiilor li se vor \u0219opti pove\u0219ti despre scriitori cu glas de motan. De data aceasta, copiii decid unde se opresc \u00een muzeu, \u00ee\u0219i aleg col\u021bul preferat \u0219i \u00eel inventeaz\u0103 pe motan. Preciz\u0103m c\u0103 este o opera\u021biune foarte serioas\u0103 \u0219i important\u0103!<\/p>\n<p>\u201dOpera\u021biunea Pisicissius\u201d se \u00eenscrie \u00een proiectul #AudioPovesteaMuzeului prin care echipa Da\u2019DaCe, \u00eempreun\u0103 cu o parte din echipa MNLR \u0219i Selma Drago\u0219, dramaturgul inventator de glasuri pisce\u0219\u0219\u0219\u0219ti au creat un text de audioghid pentru expunerea de baz\u0103 a muzeului. Atelierele testeaz\u0103 cu copiii modul de atractivitate a textului.<\/p>\n<p><strong>Informa\u021bii utile:<\/strong><br \/>\n\u2013 Programele sunt adresate familiilor \u0219i claselor 0-VI ;<br \/>\n\u2013 Programele pentru familii se desf\u0103\u0219oar\u0103 \u00een zilele de sf\u00e2r\u0219it de s\u0103pt\u0103m\u00e2n\u0103, astfel:<br \/>\nS\u00e2mb\u0103t\u0103, 8 decembrie, ora 11.00 \u2013 pentru familii cu copii de 6-9 ani,<br \/>\nS\u00e2mb\u0103t\u0103, 8 decembrie, ora 14.00 \u2013 pentru familii cu copii de 9-12 ani,<br \/>\nDuminic\u0103, 9 decembrie, ora 11.00 \u2013 pentru familii cu copii de 9-12 ani,<br \/>\nDuminic\u0103, 9 decembrie, ora 14.00 \u2013 pentru familii cu copii de 6-9 ani.<\/p>\n<p><strong>\u00censcrierile se fac \u00eencep\u00e2nd de luni diminea\u021ba, 3 decembrie<\/strong>.<br \/>\n\u2013 Programele pentru \u0219coli se desf\u0103\u0219oar\u0103 pe parcursul lunii decembrie, de mar\u021bi p\u00e2n\u0103 vineri;<br \/>\n\u2013 \u00censcrierea la ambele tipuri de programe se face la email programari@asociatiadadece.ro sau inscrieri@asociatiadadece.ro \u0219i necesit\u0103 confirmarea din partea organizatorilor.<br \/>\n\u2013 La programele cu \u0219colile, program\u0103rile se fac din timp, \u00een ordinea solicit\u0103rilor;<br \/>\n\u2013 Taxa de participare const\u0103 \u00een achitarea biletului de acces \u00een Muzeu care este 5 lei\/ adult \u0219i 2 lei\/ copil. Acest beneficiu este rezultatul parteneriatului dintre o institu\u021bie public\u0103 de cultur\u0103 \u0219i un ONG de educa\u021bie cultural\u0103.<\/p>","protected":false},"excerpt":{"rendered":"<p>Proiecte noi pentru copii! tema 1 DaDeCe are literatura muzeu\u00a0\u2013 pentru \u0219coli \u2013 tema \u201dDa\u2019DeCe are literatura muzeu?\u201d tema 2&#8230;<\/p>","protected":false},"author":8,"featured_media":7197,"comment_status":"closed","ping_status":"closed","sticky":false,"template":"","format":"standard","meta":{"_exactmetrics_skip_tracking":false,"_exactmetrics_sitenote_active":false,"_exactmetrics_sitenote_note":"","_exactmetrics_sitenote_category":0,"footnotes":""},"categories":[33],"tags":[],"class_list":["post-7529","post","type-post","status-publish","format-standard","has-post-thumbnail","hentry","category-ateliere-pentru-copii"],"_links":{"self":[{"href":"https:\/\/mnlr.ro\/en\/wp-json\/wp\/v2\/posts\/7529","targetHints":{"allow":["GET"]}}],"collection":[{"href":"https:\/\/mnlr.ro\/en\/wp-json\/wp\/v2\/posts"}],"about":[{"href":"https:\/\/mnlr.ro\/en\/wp-json\/wp\/v2\/types\/post"}],"author":[{"embeddable":true,"href":"https:\/\/mnlr.ro\/en\/wp-json\/wp\/v2\/users\/8"}],"replies":[{"embeddable":true,"href":"https:\/\/mnlr.ro\/en\/wp-json\/wp\/v2\/comments?post=7529"}],"version-history":[{"count":2,"href":"https:\/\/mnlr.ro\/en\/wp-json\/wp\/v2\/posts\/7529\/revisions"}],"predecessor-version":[{"id":7531,"href":"https:\/\/mnlr.ro\/en\/wp-json\/wp\/v2\/posts\/7529\/revisions\/7531"}],"wp:featuredmedia":[{"embeddable":true,"href":"https:\/\/mnlr.ro\/en\/wp-json\/wp\/v2\/media\/7197"}],"wp:attachment":[{"href":"https:\/\/mnlr.ro\/en\/wp-json\/wp\/v2\/media?parent=7529"}],"wp:term":[{"taxonomy":"category","embeddable":true,"href":"https:\/\/mnlr.ro\/en\/wp-json\/wp\/v2\/categories?post=7529"},{"taxonomy":"post_tag","embeddable":true,"href":"https:\/\/mnlr.ro\/en\/wp-json\/wp\/v2\/tags?post=7529"}],"curies":[{"name":"wp","href":"https:\/\/api.w.org\/{rel}","templated":true}]}}