{"id":7587,"date":"2018-12-04T15:46:56","date_gmt":"2018-12-04T13:46:56","guid":{"rendered":"http:\/\/mnlr.ro\/?p=7587"},"modified":"2018-12-06T12:10:42","modified_gmt":"2018-12-06T10:10:42","slug":"radu-beligan-om-de-carte","status":"publish","type":"post","link":"https:\/\/mnlr.ro\/en\/radu-beligan-om-de-carte\/","title":{"rendered":"\u201eRadu Beligan, om de carte\u201d"},"content":{"rendered":"<p><strong>Muzeul Na\u021bional al Literaturii Rom\u00e2ne \u0219i Asocia\u021bia Radu Beligan v\u0103 invit\u0103 miercuri, 12 decembrie, de la ora 18.00, sediul din Str. Nicolae Cre\u021bulescu nr. 8 (\u00een spatele Bisericii Albe), Sala Perpessicius, la evenimentul \u201eRadu Beligan, om de carte\u201d. Prezint\u0103: Loreta Popa, Raluca Tulbure, Anamaria Beligan. Cu participarea-surpriz\u0103 a unor personalit\u0103\u021bi \u00eendr\u0103gite din lumea teatrului \u0219i a literelor. De asemenea, va avea loc lansarea unui audiobook, o nou\u0103 apari\u021bie \u00een Colec\u021bia \u201eFonoteca de Aur\u201d\/ Seria \u201eSpectacolul poeziei\u201d, o micro-istorie ce con\u021bine c\u00e2teva momente din poezia rom\u00e2neasc\u0103, un itinerar semnat sonor de Radu Beligan: Moment poetic. Pagini alese de poezie rom\u00e2neasc\u0103 rostite la Radio \u00eentre 1961 \u0219i 1988. Un audiobook care celebreaz\u0103 vocea marelui artist. Despre aceast\u0103 nou\u0103 apari\u021bie aniversar\u0103, va vorbi Costin Tuchil\u0103, realizator Teatru Radiofonic, Radio Rom\u00e2nia.<\/strong><\/p>\n<p>Asocia\u021bia Radu Beligan, \u00eenfiin\u021bat\u0103 pentru a cinsti memoria maestrului scenei rom\u00e2ne\u0219ti \u0219i a promova marile valori ale teatrului, a preg\u0103tit \u00een luna decembrie o serie de evenimente dedicate centenarului na\u0219terii aceluia care afirma: \u201eM-am n\u0103scut odat\u0103 cu Rom\u00e2nia Mare \u0219i sunt legat ombilical de ea\u201d. Acesta este crezul celui mai longeviv actor care a jucat pe vreo scen\u0103. 77 de ani de carier\u0103, 80 de roluri \u00een teatru, peste 30 \u00een film, nenum\u0103rate \u00eenregistr\u0103ri radio \u0219i apari\u021bii televizate sunt reperele unei vie\u021bi exemplare. Un actor uria\u0219, c\u0103ruia teatrul i-a fost cas\u0103, mas\u0103, familie \u0219i care mai spunea c\u0103, al\u0103turi de public, a c\u0103l\u0103torit frumos. \u201eDac\u0103 via\u021b\u0103 e o c\u0103l\u0103torie scurt\u0103, s-o facem la clasa I\u201d.<\/p>\n<p>Actorul, omul, pedagogul, mentorul multor genera\u021bii de tineri, autorul de c\u0103r\u021bi Radu Beligan, personalitate care s-a bucurat de o imens\u0103 popularitate \u00een r\u00e2ndul rom\u00e2nilor, intelectual rasat, tr\u0103itor la r\u0103scruci de vremi, deseori \u201e\u00eenot\u0103tor\u201d \u00eempotriva curentului, este omagiat de-a lungul lunii decembrie printr-o serie de ac\u021biuni la care \u0219i-au unit for\u021bele mai multe institu\u021bii, respectiv Prim\u0103ria Municipiului Bucure\u0219ti, Academia Rom\u00e2n\u0103, Teatrul Na\u021bional \u0219i Asocia\u021bia Prietenii Teatrului Na\u021bional, Teatrul de Comedie, Muzeul Na\u021bional al Literaturii Rom\u00e2ne, prim\u0103ria comunei Filipe\u0219ti, al\u0103turi de Asocia\u021bia Radu Beligan.<\/p>\n<p>Programul Centenarului Radu Beligan va continua astfel: 13 decembrie, ora 19.00 &#8211; Teatrul de Comedie &#8211; lansarea expozi\u021biei Oanei Maria Cajal, Radu Beligan \u2013 g\u00e2nduri \u00een oglind\u0103. Vor vorbi: Sanda Vi\u0219an, Irina Margareta Nistor, Oana Maria Cajal, Anamaria Beligan. Inaugurarea Premiului Radu Beligan, care va fi decernat unui t\u00e2n\u0103r actor al scenei rom\u00e2ne\u0219ti; 14 decembrie, ora 11.00 &#8211; Academia Rom\u00e2n\u0103, aula Heliade R\u0103dulescu &#8211; ac\u021biune omagial\u0103 la care vor participa: acad. R\u0103zvan Theodorescu, actri\u021bele Simona Bondoc \u0219i Valeria Gagialov, regizorul Grigore Gon\u021ba, ambasadorul Andrei Magheru, scriitoarele Oana Maria Cajal \u0219i Anamaria Beligan; 14 decembrie, Teatrul Na\u021bional Bucure\u0219ti &#8211; lansarea albumului Radu Beligan 100.<\/p>\n<p>Intrarea este liber\u0103, \u00een limita locurilor disponibile.<\/p>\n<p>V\u0103 a\u0219tept\u0103m cu drag!<\/p>\n<p>&nbsp;<\/p>","protected":false},"excerpt":{"rendered":"<p>Muzeul Na\u021bional al Literaturii Rom\u00e2ne \u0219i Asocia\u021bia Radu Beligan v\u0103 invit\u0103 miercuri, 12 decembrie, de la ora 18.00, sediul din&#8230;<\/p>","protected":false},"author":8,"featured_media":7588,"comment_status":"closed","ping_status":"closed","sticky":false,"template":"","format":"standard","meta":{"_exactmetrics_skip_tracking":false,"_exactmetrics_sitenote_active":false,"_exactmetrics_sitenote_note":"","_exactmetrics_sitenote_category":0,"footnotes":""},"categories":[23],"tags":[],"class_list":["post-7587","post","type-post","status-publish","format-standard","has-post-thumbnail","hentry","category-aniversari-si-evocari"],"_links":{"self":[{"href":"https:\/\/mnlr.ro\/en\/wp-json\/wp\/v2\/posts\/7587","targetHints":{"allow":["GET"]}}],"collection":[{"href":"https:\/\/mnlr.ro\/en\/wp-json\/wp\/v2\/posts"}],"about":[{"href":"https:\/\/mnlr.ro\/en\/wp-json\/wp\/v2\/types\/post"}],"author":[{"embeddable":true,"href":"https:\/\/mnlr.ro\/en\/wp-json\/wp\/v2\/users\/8"}],"replies":[{"embeddable":true,"href":"https:\/\/mnlr.ro\/en\/wp-json\/wp\/v2\/comments?post=7587"}],"version-history":[{"count":3,"href":"https:\/\/mnlr.ro\/en\/wp-json\/wp\/v2\/posts\/7587\/revisions"}],"predecessor-version":[{"id":7643,"href":"https:\/\/mnlr.ro\/en\/wp-json\/wp\/v2\/posts\/7587\/revisions\/7643"}],"wp:featuredmedia":[{"embeddable":true,"href":"https:\/\/mnlr.ro\/en\/wp-json\/wp\/v2\/media\/7588"}],"wp:attachment":[{"href":"https:\/\/mnlr.ro\/en\/wp-json\/wp\/v2\/media?parent=7587"}],"wp:term":[{"taxonomy":"category","embeddable":true,"href":"https:\/\/mnlr.ro\/en\/wp-json\/wp\/v2\/categories?post=7587"},{"taxonomy":"post_tag","embeddable":true,"href":"https:\/\/mnlr.ro\/en\/wp-json\/wp\/v2\/tags?post=7587"}],"curies":[{"name":"wp","href":"https:\/\/api.w.org\/{rel}","templated":true}]}}