{"id":7764,"date":"2018-12-18T10:27:56","date_gmt":"2018-12-18T08:27:56","guid":{"rendered":"http:\/\/mnlr.ro\/?p=7764"},"modified":"2018-12-18T10:27:56","modified_gmt":"2018-12-18T08:27:56","slug":"incursiune-in-cultura-traditionala-din-zona-bistrita-nasaud-la-muzeul-national-al-literaturii-romane-2","status":"publish","type":"post","link":"https:\/\/mnlr.ro\/en\/incursiune-in-cultura-traditionala-din-zona-bistrita-nasaud-la-muzeul-national-al-literaturii-romane-2\/","title":{"rendered":"Incursiune \u00een cultura tradi\u0163ional\u0103 din zona Bistri\u0163a-N\u0103s\u0103ud la Muzeul Na\u0163ional al Literaturii Rom\u00e2ne"},"content":{"rendered":"<p>Mar\u0163i, 18 decembrie, de la ora 18:00, la sediul Muzeului Na\u0163ional al Literaturii Rom\u00e2ne din Calea Grivitei nr. 64-66, v\u0103 invit\u0103m s\u0103 participa\u021bi la o incursiune \u00een folclorul zonei Bistri\u0163a-N\u0103s\u0103ud printr-un <strong>Concert de muzic\u0103 tradi\u0163ional\u0103<\/strong> sus\u0163inut de grupuri de colind\u0103tori din localit\u0103\u0163ile \u015eieu\u0163, Poiana Ilvei, S\u00e2ngeorz-B\u0103i \u015fi colind\u0103tori de pe Valea \u0162ible\u015fului. De asemenea, v\u0103 a\u0219tept\u0103m s\u0103 vizita\u021bi \u0219i <em>Expozi\u0163ia de crea\u0163ie \u0163\u0103r\u0103neasc\u0103:<\/em> <em>zadii \u015fi ceramic\u0103.<\/em> Seara va ilustra cultura tradi\u0163ional\u0103 din Bistri\u0163a N\u0103s\u0103ud, respectiv sub-zonele valea \u015eieului, valea Some\u015fului superior, valea Ilvelor \u0219i valea \u0162ible\u015fului.<\/p>\n<p>&nbsp;<\/p>\n<p>Evenimentul este o ini\u021biativ\u0103 a Centrului Jude\u021bean pentru Cultur\u0103 Bistri\u021ba-N\u0103s\u0103ud \u0219i a Funda\u021biei Societatea de concerte Bistri\u021ba, \u00een parteneriat cu Muzeul Na\u0163ional al Literaturii Rom\u00e2ne \u015fi este inclus \u00een proiectul <strong>Cucerirea Capitalei prin Cultur\u0103<\/strong> sus\u0163inut de Ministerul Culturii \u015fi Identit\u0103\u0163ii Na\u0163ionale prin Programul Centenar.<\/p>\n<p>Proiectul <strong>Cucerirea Capitalei prin Cultur\u0103<\/strong> include trei evenimente \u0219i ac\u021biuni culturale, programate \u00een luna decembrie a acestui an.<\/p>\n<ul>\n<li>Expozi\u021bia <strong>BN CONNECTIONS<\/strong> a fost vernisat\u0103 pe 11 decembrie la Biblioteca Na\u021bional\u0103 a Rom\u00e2niei (Symposium \u0219i Euphoria, parter). Expozi\u021bia va fi <strong>deschis\u0103 p\u00e2n\u0103 pe 20 ianuarie 2019<\/strong> (luni, miercuri, vineri, 08:00-18:00, mar\u021bi \u0219i joi: 08:00-20:00). Intrarea este liber\u0103.<\/li>\n<li>18 decembrie 2018, \u00eencep\u00e2nd cu 18:00, la Muzeul Na\u0163ional al Literaturii Rom\u00e2ne (Calea Grivitei nr. 64-66)<\/li>\n<\/ul>\n<p><strong>Concert de muzic\u0103 tradi\u0163ional\u0103<\/strong> sus\u0163inut de grupuri de colind\u0103tori din localit\u0103\u0163ile \u015eieu\u0163, Poiana Ilvei, S\u00e2ngeorz B\u0103i \u015fi colind\u0103tori de pe Valea \u0162ible\u015fului;<\/p>\n<p><strong>Expozi\u0163ie de crea\u0163ie \u0163\u0103r\u0103neasc\u0103<\/strong>: zadii \u015fi ceramic\u0103 (\u00een spa\u0163iile Muzeului Na\u0163ional al Literaturii Rom\u00e2ne).<\/p>\n<p>&nbsp;<\/p>\n<ul>\n<li>28 decembrie 2018, \u00eencep\u00e2nd cu 19:00, la Ateneul Rom\u00e2n \u2013 <strong>Concert Extraordinar sus\u0163inut de Noua Orchestr\u0103 Transilvan\u0103<\/strong>, dirijor David Crescenzi (Italia), soli\u015fti: Adela Zaharia \u2013 sopran\u0103, laureat\u0103 a Marelui Premiu \u201eOperalia\u201d; \u015etefan Pop \u2013 tenor, laureat al Marelui Premiu \u201eOperalia\u201d; Zoltan Nagy \u2013 bariton, solist al Operei de Stat din Viena; Alin Anca \u2013 bas, solist al Operei din Berlin. \u00cen program: arii din opere celebre.<\/li>\n<\/ul>\n<p>&nbsp;<\/p>\n<p>Manager de proiect: Gavril \u021a\u0103rmure<\/p>","protected":false},"excerpt":{"rendered":"<p>Mar\u0163i, 18 decembrie, de la ora 18:00, la sediul Muzeului Na\u0163ional al Literaturii Rom\u00e2ne din Calea Grivitei nr. 64-66, v\u0103&#8230;<\/p>","protected":false},"author":8,"featured_media":7765,"comment_status":"closed","ping_status":"closed","sticky":false,"template":"","format":"standard","meta":{"_exactmetrics_skip_tracking":false,"_exactmetrics_sitenote_active":false,"_exactmetrics_sitenote_note":"","_exactmetrics_sitenote_category":0,"footnotes":""},"categories":[9],"tags":[],"class_list":["post-7764","post","type-post","status-publish","format-standard","has-post-thumbnail","hentry","category-evenimente"],"_links":{"self":[{"href":"https:\/\/mnlr.ro\/en\/wp-json\/wp\/v2\/posts\/7764","targetHints":{"allow":["GET"]}}],"collection":[{"href":"https:\/\/mnlr.ro\/en\/wp-json\/wp\/v2\/posts"}],"about":[{"href":"https:\/\/mnlr.ro\/en\/wp-json\/wp\/v2\/types\/post"}],"author":[{"embeddable":true,"href":"https:\/\/mnlr.ro\/en\/wp-json\/wp\/v2\/users\/8"}],"replies":[{"embeddable":true,"href":"https:\/\/mnlr.ro\/en\/wp-json\/wp\/v2\/comments?post=7764"}],"version-history":[{"count":1,"href":"https:\/\/mnlr.ro\/en\/wp-json\/wp\/v2\/posts\/7764\/revisions"}],"predecessor-version":[{"id":7766,"href":"https:\/\/mnlr.ro\/en\/wp-json\/wp\/v2\/posts\/7764\/revisions\/7766"}],"wp:featuredmedia":[{"embeddable":true,"href":"https:\/\/mnlr.ro\/en\/wp-json\/wp\/v2\/media\/7765"}],"wp:attachment":[{"href":"https:\/\/mnlr.ro\/en\/wp-json\/wp\/v2\/media?parent=7764"}],"wp:term":[{"taxonomy":"category","embeddable":true,"href":"https:\/\/mnlr.ro\/en\/wp-json\/wp\/v2\/categories?post=7764"},{"taxonomy":"post_tag","embeddable":true,"href":"https:\/\/mnlr.ro\/en\/wp-json\/wp\/v2\/tags?post=7764"}],"curies":[{"name":"wp","href":"https:\/\/api.w.org\/{rel}","templated":true}]}}