{"id":7767,"date":"2018-12-18T12:13:59","date_gmt":"2018-12-18T10:13:59","guid":{"rendered":"http:\/\/mnlr.ro\/?p=7767"},"modified":"2018-12-18T12:14:33","modified_gmt":"2018-12-18T10:14:33","slug":"premiul-pentru-literatura-mircea-eliade-acordat-muzeului-national-al-literaturii-romane","status":"publish","type":"post","link":"https:\/\/mnlr.ro\/en\/premiul-pentru-literatura-mircea-eliade-acordat-muzeului-national-al-literaturii-romane\/","title":{"rendered":"Premiul pentru Literatur\u0103 \u201eMircea Eliade\u201d a fost acordat Muzeului Na\u021bional al Literaturii Rom\u00e2ne"},"content":{"rendered":"<p><strong>Luni, 17 decembrie 2018, \u00een cadrul evenimentului\u00a0<em>Gala Excelen\u021bei \u2013 Rom\u00e2nia 100<\/em>, gal\u0103 aflat\u0103 sub patronajul Ministerul Culturii \u0219i Identit\u0103\u021bii Na\u021bionale \u0219i organizat\u0103\u00a0\u00een Sala Tronului a Palatului Regal din Bucure\u0219ti, Conf. univ. dr. Ioan Cristescu, Director al Muzeului Na\u021bional al Literaturii Rom\u00e2ne, a avut onoarea de a primi Premiul pentru Literatur\u0103 \u201eMircea Eliade\u201d acordat MNLR pentru conservarea \u0219i promovarea patrimoniului cultural na\u021bional.<\/strong><\/p>\n<p><em>Gala Excelen\u021bei \u2013 Rom\u00e2nia 100<\/em>\u00a0este un eveniment care \u0219i-a propus s\u0103 eviden\u021bieze \u0219i s\u0103 premieze rezultate excep\u021bionale din domeniul culturii, artei, politicii, credin\u021bei \u0219i spiritualit\u0103\u021bii, dar \u0219i din alte domenii care au contribuit la crearea identit\u0103\u021bii Rom\u00e2niei. Acest eveniment a reunit luni seara personalit\u0103\u021bi de elit\u0103 ale \u021b\u0103rii, care au marcat prin activitatea lor ampl\u0103 100 de ani de Unire \u0219i c\u0103rora li s-au al\u0103turat oaspe\u021bi interna\u021bionali, membri ai Consiliului European, reprezentan\u021bi \u0219i invita\u021bi speciali din domeniul artei, culturii \u0219i cinematografiei din Europa, America de Nord, America de Sud \u0219i Asia, reprezentan\u021bi ai Academiei Americane de \u0218tiin\u021be ale Ospitalit\u0103\u021bii.<\/p>\n<p>Premiile acordate cu ocazia\u00a0<em>Galei Excelen\u021bei \u2013 Rom\u00e2nia 100<\/em>\u00a0au omagiat personalit\u0103\u021bi emblematice \u0219i realiz\u0103ri semnificative din perioada celor 100 de ani de la Marea Unire. Astfel, au fost acordate distinc\u021bii pentru activit\u0103\u021bi desf\u0103\u0219urate de Familia Regal\u0103 \u0219i pentru proiecte organizate \u00een domenii precum politica \u0219i diploma\u021bia, cultura, credin\u021ba \u0219i spiritualitatea.<\/p>\n<p>\u00cen cadrul evenimentului au fost prezentate costume tradi\u021bionale rom\u00e2ne\u0219ti \u0219i costume contemporane, momente artistice de muzci\u0103 clasic\u0103 \u0219i contemporan\u0103, un recital de colinde rom\u00e2ne\u0219ti \u0219i un recital excep\u021bional oferit de\u00a0<em>New Direction Gospel Choir<\/em>, invita\u021bi de onoare ai Papei de la Roma \u00een cadrul evenimentului de Cr\u0103ciun de la Vatican, organizat anul acesta.<\/p>","protected":false},"excerpt":{"rendered":"<p>Luni, 17 decembrie 2018, \u00een cadrul evenimentului\u00a0Gala Excelen\u021bei \u2013 Rom\u00e2nia 100, gal\u0103 aflat\u0103 sub patronajul Ministerul Culturii \u0219i Identit\u0103\u021bii Na\u021bionale&#8230;<\/p>","protected":false},"author":8,"featured_media":7768,"comment_status":"closed","ping_status":"closed","sticky":false,"template":"","format":"standard","meta":{"_exactmetrics_skip_tracking":false,"_exactmetrics_sitenote_active":false,"_exactmetrics_sitenote_note":"","_exactmetrics_sitenote_category":0,"footnotes":""},"categories":[13,9,8],"tags":[],"class_list":["post-7767","post","type-post","status-publish","format-standard","has-post-thumbnail","hentry","category-anunturi","category-evenimente","category-recomandari"],"_links":{"self":[{"href":"https:\/\/mnlr.ro\/en\/wp-json\/wp\/v2\/posts\/7767","targetHints":{"allow":["GET"]}}],"collection":[{"href":"https:\/\/mnlr.ro\/en\/wp-json\/wp\/v2\/posts"}],"about":[{"href":"https:\/\/mnlr.ro\/en\/wp-json\/wp\/v2\/types\/post"}],"author":[{"embeddable":true,"href":"https:\/\/mnlr.ro\/en\/wp-json\/wp\/v2\/users\/8"}],"replies":[{"embeddable":true,"href":"https:\/\/mnlr.ro\/en\/wp-json\/wp\/v2\/comments?post=7767"}],"version-history":[{"count":2,"href":"https:\/\/mnlr.ro\/en\/wp-json\/wp\/v2\/posts\/7767\/revisions"}],"predecessor-version":[{"id":7770,"href":"https:\/\/mnlr.ro\/en\/wp-json\/wp\/v2\/posts\/7767\/revisions\/7770"}],"wp:featuredmedia":[{"embeddable":true,"href":"https:\/\/mnlr.ro\/en\/wp-json\/wp\/v2\/media\/7768"}],"wp:attachment":[{"href":"https:\/\/mnlr.ro\/en\/wp-json\/wp\/v2\/media?parent=7767"}],"wp:term":[{"taxonomy":"category","embeddable":true,"href":"https:\/\/mnlr.ro\/en\/wp-json\/wp\/v2\/categories?post=7767"},{"taxonomy":"post_tag","embeddable":true,"href":"https:\/\/mnlr.ro\/en\/wp-json\/wp\/v2\/tags?post=7767"}],"curies":[{"name":"wp","href":"https:\/\/api.w.org\/{rel}","templated":true}]}}