{"id":7843,"date":"2019-01-14T09:50:00","date_gmt":"2019-01-14T07:50:00","guid":{"rendered":"http:\/\/mnlr.ro\/?p=7843"},"modified":"2019-01-14T09:50:00","modified_gmt":"2019-01-14T07:50:00","slug":"valorile-culturale-nationale-reper-in-activitatea-didactica-ziua-culturii-nationale","status":"publish","type":"post","link":"https:\/\/mnlr.ro\/en\/valorile-culturale-nationale-reper-in-activitatea-didactica-ziua-culturii-nationale\/","title":{"rendered":"Valorile  culturale  na\u0163ionale \u2013 reper \u00een activitatea  didactic\u0103 | Ziua Culturii Na\u021bionale"},"content":{"rendered":"<p><strong>Asocia\u021bia \u00cenv\u0103\u021b\u0103torilor Teleorm\u0103neni \u00een colaborare cu Muzeul Na\u021bional al Literaturii Rom\u00e2ne \u0219i Asocia\u021bia \u00cenv\u0103\u021b\u0103torilor Vr\u00e2nceni organizeaz\u0103 s\u00e2mb\u0103t\u0103, 19 ianuarie 2019, ora 10.00, \u00een Sala Perpessicius a MNLR (Str. Nicolae Cre\u021bulescu 8), conferin\u021ba cu tema: V<em>alorile\u00a0 culturale\u00a0 na\u0163ionale \u2013 reper \u00een activitatea\u00a0 didactic\u0103<\/em>, eveniment dedicat\u00a0<em>Zilei Culturii Na\u021bionale<\/em>.<br \/>\n<\/strong><br \/>\nVor conferen\u021bia conf. univ. dr. Ioan Cristescu, director general al MNLR, \u0219i acad. Eugen Simion, pre\u0219edintele Funda\u021biei Na\u021bionale pentru \u0218tiin\u021b\u0103 \u0219i Art\u0103, \u00een prezen\u021ba a peste 90 de cadre didactice din \u00eenv\u0103\u021b\u0103m\u00e2ntul primar \u0219i gimnazial din jude\u021bele Teleorman \u0219i Vrancea. Evenimentul este un omagiu adus tuturor celor care activeaz\u0103 \u00een domeniul didactic \u0219i dau dovad\u0103 de implicare \u0219i responsabilitate \u00een promovarea limbii, literaturii \u0219i culturii rom\u00e2ne.<\/p>\n<p>Proiectul, ini\u021biat de prof. Camelia R\u00e2cu, pre\u0219edintele Asocia\u021biei \u00cenv\u0103\u021b\u0103torilor Teleorm\u0103neni, \u0219i concretizat \u00eentr-o excursie tematic\u0103, vizite de lucru \u0219i organizarea unei mese rotunde, aduce un plus participan\u021bilor \u00een palmaresul form\u0103rii lor profesionale. Vizita de studiu \u0219i schimbul de experien\u021b\u0103 asigur\u0103 un spa\u021biu propice dialogului \u0219i \u00eenv\u0103\u021b\u0103rii reciproce pe teme de interes comun \u015fi priorit\u0103\u0163i la nivel na\u0163ional, contribuind la \u00eemp\u0103rt\u0103\u0219irea de practici \u015fi idei inovatoare, promov\u00e2nd calitatea \u015fi transparen\u0163a sistemului educa\u0163ional \u015fi de formare din institu\u021biile participante.<\/p>\n<p>Obiectivele urm\u0103rite \u00een cadrul conferin\u021bei:<\/p>\n<ul>\n<li>Sprijinirea politicii dezvolt\u0103rii \u0219i cooper\u0103rii la nivel na\u021bional \u00een ceea ce prive\u0219te \u00eenv\u0103\u021barea pe tot parcursul vie\u021bii;<\/li>\n<li>Promovarea modelelor literare \u0219i culturale na\u021bionale;<\/li>\n<li>Sus\u021binerea dezvolt\u0103rii unor con\u021binuturi, pedagogii \u0219i practici \u00een \u00eenv\u0103\u021barea pe tot parcursul vie\u021bii bazate pe modele, schimb de bune practici, vizit\u0103 de lucru, excursie tematic\u0103;<\/li>\n<li>Transpunerea informa\u021biilor \u0219i cuno\u0219tin\u021belor dob\u00e2ndite de c\u0103tre cadrele didactice \u00een formarea personalit\u0103\u0163ii elevilor prin valorificarea elementelor specifice ale culturii na\u0163ionale.<\/li>\n<\/ul>\n<p>Parteneri media: AGERPRES, Radio Rom\u00e2nia Cultural, RFI, TV City, Observator Cultural, Cultura, Contemporanul, Agen\u021biadeCarte.ro, publica\u021bia on-line Iqool.<\/p>","protected":false},"excerpt":{"rendered":"<p>Asocia\u021bia \u00cenv\u0103\u021b\u0103torilor Teleorm\u0103neni \u00een colaborare cu Muzeul Na\u021bional al Literaturii Rom\u00e2ne \u0219i Asocia\u021bia \u00cenv\u0103\u021b\u0103torilor Vr\u00e2nceni organizeaz\u0103 s\u00e2mb\u0103t\u0103, 19 ianuarie 2019,&#8230;<\/p>","protected":false},"author":8,"featured_media":7844,"comment_status":"closed","ping_status":"closed","sticky":false,"template":"","format":"standard","meta":{"_exactmetrics_skip_tracking":false,"_exactmetrics_sitenote_active":false,"_exactmetrics_sitenote_note":"","_exactmetrics_sitenote_category":0,"footnotes":""},"categories":[22],"tags":[],"class_list":["post-7843","post","type-post","status-publish","format-standard","has-post-thumbnail","hentry","category-colocvii-seminarii-si-conferinte"],"_links":{"self":[{"href":"https:\/\/mnlr.ro\/en\/wp-json\/wp\/v2\/posts\/7843","targetHints":{"allow":["GET"]}}],"collection":[{"href":"https:\/\/mnlr.ro\/en\/wp-json\/wp\/v2\/posts"}],"about":[{"href":"https:\/\/mnlr.ro\/en\/wp-json\/wp\/v2\/types\/post"}],"author":[{"embeddable":true,"href":"https:\/\/mnlr.ro\/en\/wp-json\/wp\/v2\/users\/8"}],"replies":[{"embeddable":true,"href":"https:\/\/mnlr.ro\/en\/wp-json\/wp\/v2\/comments?post=7843"}],"version-history":[{"count":1,"href":"https:\/\/mnlr.ro\/en\/wp-json\/wp\/v2\/posts\/7843\/revisions"}],"predecessor-version":[{"id":7845,"href":"https:\/\/mnlr.ro\/en\/wp-json\/wp\/v2\/posts\/7843\/revisions\/7845"}],"wp:featuredmedia":[{"embeddable":true,"href":"https:\/\/mnlr.ro\/en\/wp-json\/wp\/v2\/media\/7844"}],"wp:attachment":[{"href":"https:\/\/mnlr.ro\/en\/wp-json\/wp\/v2\/media?parent=7843"}],"wp:term":[{"taxonomy":"category","embeddable":true,"href":"https:\/\/mnlr.ro\/en\/wp-json\/wp\/v2\/categories?post=7843"},{"taxonomy":"post_tag","embeddable":true,"href":"https:\/\/mnlr.ro\/en\/wp-json\/wp\/v2\/tags?post=7843"}],"curies":[{"name":"wp","href":"https:\/\/api.w.org\/{rel}","templated":true}]}}