{"id":7856,"date":"2019-01-15T10:08:03","date_gmt":"2019-01-15T08:08:03","guid":{"rendered":"http:\/\/mnlr.ro\/?p=7856"},"modified":"2019-01-15T10:54:50","modified_gmt":"2019-01-15T08:54:50","slug":"programul-evenimentelor-organizate-de-mnlr-cu-ocazia-zilei-culturii-nationale","status":"publish","type":"post","link":"https:\/\/mnlr.ro\/en\/programul-evenimentelor-organizate-de-mnlr-cu-ocazia-zilei-culturii-nationale\/","title":{"rendered":"Programul evenimentelor organizate de MNLR cu ocazia Zilei Culturii Na\u0163ionale"},"content":{"rendered":"<p><strong>Muzeul Na\u021bional al Literaturii Rom\u00e2ne organizeaz\u0103 \u00een data de 15 ianuarie 2019, cu ocazia\u00a0<em>Zilei Culturii Na\u021bionale<\/em>, o serie de evenimente culturale speciale, dedicate acestei zile.\u00a0Aceast\u0103 zi nu este doar o celebrare a unui mare scriitor, Mihai Eminescu, dar \u015fi o zi de reflec\u0163ie asupra culturii rom\u00e2ne \u015fi a proiectelor culturale de interes na\u0163ional.<\/strong><\/p>\n<p>Exist\u0103 precedente pentru aceast\u0103 s\u0103rb\u0103toare \u015fi \u00een alte \u0163\u0103ri europene, exemplu Spania, unde Ziua Culturii a fost aleas\u0103 \u00een ziua mor\u0163ii lui Miguel de Cervantes, sau Portugalia, ziua \u00een care s-a n\u0103scut Luis de Camoes. De asemenea, autorit\u0103\u0163ile din Republica Moldova au hot\u0103r\u00e2t ca ziua de na\u015ftere a lui Mihai Eminescu s\u0103 devin\u0103 Ziua Culturii Na\u0163ionale.<\/p>\n<p><strong>PROGRAMUL EVENIMENTELOR:<br \/>\nOra 12.00 \u2013 Ateneul Rom\u00e2n (Str. Benjamin Franklin 1-3)<\/strong><br \/>\n<em>15 ianuarie 2019: Ziua Culturii Na\u021bionale, Ziua lui Mihai Eminescu<\/em><br \/>\nInvita\u021bi: Acad. Ioan-Aurel Pop (Pre\u0219edintele Academiei Rom\u00e2ne), E.S. Klaus Iohannis (Pre\u0219edintele Rom\u00e2niei), P.F. Daniel (Patriarhul Bisericii Ortodoxe Rom\u00e2ne), Acad. Eugen Simion, Ecaterina Andronescu (Ministrul Educa\u021biei Na\u021bionale), Valer Daniel Breaz (Ministrul Culturii \u0219i Identit\u0103\u021bii Na\u021bionale), Acad. R\u0103zvan Theodorescu (Vicepre\u0219edintele Academiei Rom\u00e2ne), Acad. Mihai Cimpoi, Actorul Dorel Vi\u0219an, Concert: Camera Regal\u0103<br \/>\nOrganizatori: Academia Rom\u00e2n\u0103, Funda\u021bia Na\u021bional\u0103 pentru \u0218tiin\u021b\u0103 \u0219i Art\u0103, Biblioteca Academiei Rom\u00e2ne, Prim\u0103ria Municipiului Bucure\u0219ti prin Muzeul Na\u021bional al Literaturii Rom\u00e2ne, Filarmonica \u201eGeorge Enescu\u201d<\/p>\n<p><strong>Ora 16.00 \u2013 Biblioteca Central\u0103 Universitar\u0103 \u201eCarol I\u201d, Aul\u0103 (Calea Victoriei 88)<\/strong><br \/>\n<em>Gala Tinerilor Scriitori ai anului 2018<\/em>, edi\u021bia a XIX-a<br \/>\nInvita\u021bi: Bianca Bur\u021ba-Cernat, Andreea R\u0103suceanu, Cosmin Borza (juriu), scriitorii nominaliza\u021bi<br \/>\nInvita\u021bi speciali: Oana C\u0103t\u0103lina Be\u021ba (voce), Albert Tajti (pian)<br \/>\nAmfitrion: Dan Mircea Cipariu<br \/>\nOrganizatori: Prim\u0103ria Municipiului Bucure\u0219ti prin Muzeul Na\u021bional al Literaturii Rom\u00e2ne, Clubul UNESCO-Adolescen\u021bii \u0219i Asocia\u021bia EURO CULTURART<br \/>\nCu sprijinul Bibliotecii Centrale Universitare \u201eCarol I\u201d<\/p>\n<p><strong>Ora 18.00 &#8211; Muzeul Na\u021bional al Literaturii Rom\u00e2ne, Sala Mare de Expozi\u021bii Temporare (Calea Grivi\u021bei 64-66)<\/strong><br \/>\nVernisaj expozi\u021bie\u00a0<em>Mircia Dumitrescu: grafic\u0103 de carte, gravur\u0103, pictur\u0103, sculptur\u0103, proiec\u021bie<\/em><br \/>\nExpozi\u021bia poate fi vizitat\u0103 \u00een perioada 15 ianuarie \u2013 1\u00a0februarie 2019<br \/>\nProgram: luni &#8211; vineri, orele 10.00 &#8211; 17.00<br \/>\nOrganizatori: Prim\u0103ria Municipiului Bucure\u0219ti prin Muzeul Na\u021bional al Literaturii Rom\u00e2ne<\/p>\n<p><strong>Ora 18.00 &#8211; Muzeul Na\u021bional al Literaturii Rom\u00e2ne, Sala Mic\u0103\u00a0de Expozi\u021bii Temporare (Calea Grivi\u021bei 64-66)<\/strong><br \/>\nVernisaj expozi\u021bie\u00a0<em>Laboratorul memoriei<\/em>, artist: Vlad Basarab<br \/>\nLansarea catalogului\u00a0<em>Arheologie Memoriei<\/em><br \/>\nInvita\u021bi: Ioan Cristescu, Magda C\u00e2rneci<br \/>\nExpozi\u021bia poate fi vizitat\u0103 \u00een perioada 15 ianuarie \u2013 15 februarie 2019<br \/>\nProgram: luni &#8211; vineri, orele 10.00 &#8211; 17.00<br \/>\nOrganizatori: Prim\u0103ria Municipiului Bucure\u0219ti prin Muzeul Na\u021bional al Literaturii Rom\u00e2ne<\/p>\n<p><strong>Ora 18.00 &#8211; Muzeul Na\u021bional al Literaturii Rom\u00e2ne, Mansard\u0103 (Str. Nicolae Cre\u021bulescu 8)<\/strong><br \/>\n<em>Eminescu \u2013 Om, geniu \u0219i poet divin<\/em><br \/>\nUn spectacol de muzic\u0103 \u0219i poezie cu Dorel Vi\u0219an, Ion Bogdan \u0218tef\u0103nescu (flaut), Mariana Pachi\u0219 (sand-artist)<br \/>\nOrganizatori: Prim\u0103ria Municipiului Bucure\u0219ti prin Muzeul Na\u021bional al Literaturii Rom\u00e2ne<\/p>\n<p><strong>Ora 19.00 &#8211; Muzeul Na\u021bional al Literaturii Rom\u00e2ne, Sala \u201eIosif Naghiu\u201d (Calea Grivi\u021bei 64-66)<\/strong><br \/>\n<em>Sear\u0103 de poezie \u0219i muzic\u0103<\/em><br \/>\nPoe\u021bi invita\u021bi:\u00a0Bogdan O. Popescu, Romulus Bucur, Bogdan Ghiu, Magda C\u00e2rneci, Doru Mare\u0219, Mihail G\u0103l\u0103\u021banu, Simona Popescu, Daniel B\u0103nulescu, Caius Dobrescu, Andra Rotaru.<br \/>\nModerator: Horia G\u00e2rbea<br \/>\nMuzica va fi asigurat\u0103 de \u00eendr\u0103gitul c\u00e2nt\u0103re\u021b \u0219i chitarist Mircea Baniciu<br \/>\nOrganizatori: Prim\u0103ria Municipiului Bucure\u0219ti prin Muzeul Na\u021bional al Literaturii Rom\u00e2ne \u0219i Teatrul Dramaturgilor Rom\u00e2ni<\/p>","protected":false},"excerpt":{"rendered":"<p>Muzeul Na\u021bional al Literaturii Rom\u00e2ne organizeaz\u0103 \u00een data de 15 ianuarie 2019, cu ocazia\u00a0Zilei Culturii Na\u021bionale, o serie de evenimente&#8230;<\/p>","protected":false},"author":8,"featured_media":7857,"comment_status":"closed","ping_status":"closed","sticky":false,"template":"","format":"standard","meta":{"_exactmetrics_skip_tracking":false,"_exactmetrics_sitenote_active":false,"_exactmetrics_sitenote_note":"","_exactmetrics_sitenote_category":0,"footnotes":""},"categories":[22,27],"tags":[],"class_list":["post-7856","post","type-post","status-publish","format-standard","has-post-thumbnail","hentry","category-colocvii-seminarii-si-conferinte","category-concerte-de-muzica"],"_links":{"self":[{"href":"https:\/\/mnlr.ro\/en\/wp-json\/wp\/v2\/posts\/7856","targetHints":{"allow":["GET"]}}],"collection":[{"href":"https:\/\/mnlr.ro\/en\/wp-json\/wp\/v2\/posts"}],"about":[{"href":"https:\/\/mnlr.ro\/en\/wp-json\/wp\/v2\/types\/post"}],"author":[{"embeddable":true,"href":"https:\/\/mnlr.ro\/en\/wp-json\/wp\/v2\/users\/8"}],"replies":[{"embeddable":true,"href":"https:\/\/mnlr.ro\/en\/wp-json\/wp\/v2\/comments?post=7856"}],"version-history":[{"count":3,"href":"https:\/\/mnlr.ro\/en\/wp-json\/wp\/v2\/posts\/7856\/revisions"}],"predecessor-version":[{"id":7868,"href":"https:\/\/mnlr.ro\/en\/wp-json\/wp\/v2\/posts\/7856\/revisions\/7868"}],"wp:featuredmedia":[{"embeddable":true,"href":"https:\/\/mnlr.ro\/en\/wp-json\/wp\/v2\/media\/7857"}],"wp:attachment":[{"href":"https:\/\/mnlr.ro\/en\/wp-json\/wp\/v2\/media?parent=7856"}],"wp:term":[{"taxonomy":"category","embeddable":true,"href":"https:\/\/mnlr.ro\/en\/wp-json\/wp\/v2\/categories?post=7856"},{"taxonomy":"post_tag","embeddable":true,"href":"https:\/\/mnlr.ro\/en\/wp-json\/wp\/v2\/tags?post=7856"}],"curies":[{"name":"wp","href":"https:\/\/api.w.org\/{rel}","templated":true}]}}