{"id":7932,"date":"2019-01-22T10:28:41","date_gmt":"2019-01-22T08:28:41","guid":{"rendered":"http:\/\/mnlr.ro\/?p=7932"},"modified":"2019-01-22T10:31:01","modified_gmt":"2019-01-22T08:31:01","slug":"10-adolescenti-pentru-rezidenta-literart","status":"publish","type":"post","link":"https:\/\/mnlr.ro\/en\/10-adolescenti-pentru-rezidenta-literart\/","title":{"rendered":"10 adolescen\u021bi pentru Reziden\u021ba LiterArt | Ateliere de scriere creativ\u0103 | Ateliere de crea\u021bie vizual\u0103"},"content":{"rendered":"<p><strong>Muzeul Na\u0163ional al Literaturii Rom\u00e2ne din Bucure\u015fti, Teatrul de Comedie \u0219i<\/strong>\u00a0<strong>Clubul UNESCO-Adolescen\u021bii anun\u021b\u0103 selec\u021bia na\u021bional\u0103 pentru programul\u00a0<em>Reziden\u021ba LiterArt<\/em>\u00a0\u2013 prima reziden\u021b\u0103 de scriere creativ\u0103 \u0219i crea\u021bie vizual\u0103 din Rom\u00e2nia dedicat\u0103 adolescen\u021bilor. \u00cen prima vacan\u021b\u0103 intersemestrial\u0103 a acestui an, \u00eentre 4 &#8211; 8 februarie 2019, vor avea loc, \u00een spa\u021biile Muzeului Na\u021bional al Literaturii Rom\u00e2ne din Bucure\u0219ti, ateliere de scriere creativ\u0103 coordonate de scriitorii Dan Mircea Cipariu \u0219i Florin Iaru, precum \u0219i ateliere de crea\u021bie vizual\u0103 coordonate de Maestrul Mircia Dumitrescu \u0219i artistul vizual Mihai Zgondoiu. Vor fi selecta\u021bi 5 adolescen\u021bi (din ciclul liceal) pentru literatur\u0103 \u0219i, respectiv, 5 adolescen\u021bi pentru arte vizuale (din ciclul liceal, din liceele de profil). Produc\u021biile literare \u0219i plastice realizate de c\u0103tre cei 10 adolescen\u021bi vor fi prezentate \u00eentr-o antologie ce va fi publicat\u0103 la Editura Tracus Arte, o lectur\u0103 public\u0103 \u0219i \u00een cadrul unei expozi\u021bii, evenimente ce vor fi cuprinse \u00een cadrul Euro Fest-Teen\/\u00a0<\/strong><strong>Festivalul SALUT, ADOLESCEN\u021aA!, program cultural \u0219i educa\u021bional ce va avea loc \u00eentre 6 &#8211; 12 mai 2019. Se pot \u00eenscrie la selec\u021bia na\u021bional\u0103 pentru\u00a0<\/strong><strong><em>Reziden\u021ba LiterArt<\/em>\u00a0adolescen\u021bi din toat\u0103 \u021bara (cursul liceal, clasele a IX-a \u2013 a XII-a). <\/strong><\/p>\n<p><strong>Pentru sec\u021biunea literar\u0103 vor fi trimise pe adresa de email\u00a0<a href=\"mailto:clubulunesco@gmail.com\" target=\"_blank\" rel=\"noopener\">clubulunesco@gmail.com<\/a>\u00a0<wbr \/>maximum 3 texte literare \u0219i o scurt\u0103 not\u0103 bio-bibliografic\u0103 \u00eenso\u021bit\u0103 de datele de contact. Pentru sec\u021biunea vizual\u0103 vor fi trimise pe adresa de email\u00a0<a href=\"mailto:clubulunesco@gmail.com\" target=\"_blank\" rel=\"noopener\">clubulunesco@gmail.com<\/a>\u00a0<wbr \/>maximum 3 imagini ale unor opere vizuale proprii \u0219i o scurt\u0103 not\u0103 bio-bibliografic\u0103 \u00eenso\u021bit\u0103 de datele de contact. Termenul limit\u0103 de \u00eenscriere este vineri, 25 ianuarie 2019, ora 23.00. Anun\u021bul celor 10 adolescen\u021bi selecta\u021bi va fi f\u0103cut public luni, 28 ianuarie 2019. Cheltuielile de transport, mas\u0103 \u0219i cazare pentru adolescen\u021bii selecta\u021bi vor fi suportate de c\u0103tre organizatori. Premiile<em>Reziden\u021ba LiterArt<\/em>\u00a0acordate celor 10 adolescen\u021bi selecta\u021bi vor fi \u00een valoare total\u0103 de 10000 lei (10 premii X 1000 lei). Premiile vor fi acordate de Ziua Adolescen\u021bilor, \u00een a doua duminic\u0103 a lunii mai, 12 mai 2019, \u00een cadrul Galei\u00a0<em>Salut, Adolescen\u021b\u0103!<\/em>\u00a0Radio Rom\u00e2nia Cultural \u0219i\u00a0<\/strong><strong>Agen\u021biadeCarte.ro sunt partenerii media ai programului.<\/strong><\/p>\n<p><strong>Euro Fest-Teen \/\u00a0Festivalul SALUT, ADOLESCEN\u021aA!<\/strong><\/p>\n<p>6-12 mai 2019<\/p>\n<p>Euro Fest-Teen \/\u00a0Festivalul SALUT, ADOLESCEN\u021aA\u00a0este un program cultural, artistic \u015fi educa\u0163ional care marcheaz\u0103 s\u0103rb\u0103torirea celei de-a XXII-a edi\u0163ii a Zilei Adolescen\u0163ilor, conform unei Legi promulgate la 13 noiembrie 1997 de Pre\u015fedintele Rom\u00e2niei, s\u0103rb\u0103torirea Zilei Europei (9 mai) \u0219i celebrarea pre\u0219edin\u021biei rom\u00e2ne\u0219ti a Consiliului Uniunii Europene.<\/p>\n<p>\u00cen 2019 se \u00eemplinesc 21 de ani de c\u00e2nd a doua duminic\u0103 a lunii mai a fost recunoscut\u0103 oficial ca fiind Ziua Adolescen\u0163ilor, conform Legii privind instituirea Zilei Adolescen\u0163ilor, promulgat\u0103 de Pre\u015fedintele Rom\u00e2niei \u015fi aprobat\u0103 de c\u0103tre Parlamentul Rom\u00e2niei la 13 noiembrie 1997, \u00een urma lobby-ului f\u0103cut de Maestrul George Mih\u0103i\u021b\u0103 \u0219i Clubul UNESCO \u2013 \u201eAdolescen\u0163ii\u201d.<\/p>\n<p>\u00cen 2019, programul se va desf\u0103\u015fura \u00eentre 6 \u0219i 12 mai 2019, \u00een urm\u0103toarele loca\u0163ii: Muzeul Na\u0163ional al Literaturii Rom\u00e2ne din Bucure\u015fti, Muzeul Municipiului Bucure\u015fti, Teatrul de Comedie \u0219i Cafeneaua \u201eJos P\u0103l\u0103ria\u201d.<\/p>\n<p><strong>Euro Fest-Teen \/\u00a0Festivalul SALUT, ADOLESCEN\u021aA<\/strong>\u00a0<strong>este organizat de Teatrul de Comedie, Muzeul Na\u0163ional al Literaturii Rom\u00e2ne din Bucure\u015fti \u0219i Clubul UNESCO-Adolescen\u021bii. Parteneri: asocia\u021bia Euro CulturArt \u0219i Agen\u021biadeCarte.ro.<\/strong><\/p>\n<p><strong>Clubul UNESCO-Adolescen\u0163ii<\/strong>\u00a0este o organiza\u0163ie non-politic\u0103, non-guvernamental\u0103 \u015fi non-profit fondat\u0103 de Maestrul George Mih\u0103i\u0163\u0103. Pre\u015fedintele Clubul UNESCO-Adolescen\u0163ii este scriitorul Dan Mircea Cipariu, iar Vicepre\u015fedintele asocia\u0163iei este artistul vizual Mihai Zgondoiu.<\/p>\n<p><strong>Clubul UNESCO-Adolescen\u0163ii<\/strong>\u00a0a fost creat \u00een anul 1992 \u015fi face parte din re\u0163eaua mondial\u0103 de cluburi UNESCO. \u00cenc\u0103 de la \u00eenfiin\u0163are, Clubul UNESCO-Adolescen\u0163ii a f\u0103cut lobby parlamentar pentru legiferarea unei zile speciale dedicate fenomenului adolescentin. Astfel, \u00een 1997, a fost promulgat\u0103 LEGEA nr. 197 din 17 noiembrie 1997 privind instituirea Zilei Adolescentului \u00een fiecare an.<\/p>\n<p><strong>Clubul UNESCO-Adolescen\u0163ii<\/strong>\u00a0este printre primele asocia\u0163ii non-guvernamentale din Rom\u00e2nia dedicate adolescen\u0163ilor. Scopul clubului este realizarea de programe cultural-sportive, turistice, info-educa\u0163ionale, de descoperire de noi \u015fi tinere talente \u015fi de promovare a acestora \u00een plan profesional \u015fi \u00een via\u0163a public\u0103.<\/p>\n<p><strong>Clubul UNESCO-Adolescen\u0163ii<\/strong>\u00a0a colaborat \u00eenc\u0103 de la \u00eenfiin\u0163are cu institu\u0163ii culturale publice precum AFCN, Prim\u0103ria Muncipiului Bucure\u015fti, ArCub, Teatrul de Comedie, Prim\u0103ria Sectorului 3 \u015fi Prim\u0103ria Sectorului 6 \u00een realizarea unor proiecte culturale, artistice \u015fi info-educa\u0163ionale pentru promovarea adolescen\u0163ilor \u015fi a tinerilor creatori din domeniile artelor spectacolului, artelor vizuale \u015fi ale literaturii.<\/p>\n<p>Proiectele noastre comune, S\u0103pt\u0103m\u00e2na Adolescen\u0163ilor, Comedia \u0163ine la TINEri, Festivalul Na\u0163ional de Teatru pentru Liceeni \u201eJos P\u0103l\u0103ria\u201d, Vernisaj A, Virtual Text A, Cursurile gratuite de actorie pentru elevi (profesor Delia Nartea), au venit \u00een \u00eent\u00e2mpinarea creativit\u0103\u0163ii adolescen\u0163ilor din Bucure\u015fti \u015fi din \u0163ar\u0103 \u015fi au devenit repere de referin\u0163\u0103 pentru colaborarea dintre o reprezentant\u0103 a societ\u0103\u0163ii civile, o institu\u0163ie cultural\u0103 aflat\u0103 sub finan\u0163area unei autorit\u0103\u0163i publice locale \u015fi Prim\u0103ria Municipiului Bucure\u015fti.<\/p>\n<p>\u00cen cele 20 de edi\u0163ii de p\u00e2n\u0103 acum ale Festivalului Na\u0163ional de Teatru \u201eJos P\u0103l\u0103ria\u201d, au urcat pe scen\u0103 peste 5000 de adolescen\u0163i (din care c\u00e2\u0163iva au ajuns mari actori \u015fi regizori), iar premiile au fost decernate, de-a lungul anilor, de Marcel Iure\u015f, Hora\u0163iu M\u0103l\u0103ele, Maia Morgenstern, Emilia Popescu, Vlad Cristache, Andi Vasluianu, Dorina Chiriac, Alex Bogdan etc.<\/p>\n<p><a href=\"https:\/\/mnlr.us16.list-manage.com\/track\/click?u=9d8daeb9344f52fc116dbbc7b&amp;id=66f63e502a&amp;e=ad50adfd9e\" target=\"_blank\" rel=\"nofollow noopener\" data-saferedirecturl=\"https:\/\/www.google.com\/url?q=https:\/\/mnlr.us16.list-manage.com\/track\/click?u%3D9d8daeb9344f52fc116dbbc7b%26id%3D66f63e502a%26e%3Dad50adfd9e&amp;source=gmail&amp;ust=1548231146169000&amp;usg=AFQjCNFTRilJFKxKMO1D0ydAiLjZzGXYAQ\">http:\/\/ziua-a.ro\/<\/a><\/p>","protected":false},"excerpt":{"rendered":"<p>Muzeul Na\u0163ional al Literaturii Rom\u00e2ne din Bucure\u015fti, Teatrul de Comedie \u0219i\u00a0Clubul UNESCO-Adolescen\u021bii anun\u021b\u0103 selec\u021bia na\u021bional\u0103 pentru programul\u00a0Reziden\u021ba LiterArt\u00a0\u2013 prima reziden\u021b\u0103&#8230;<\/p>","protected":false},"author":8,"featured_media":7933,"comment_status":"closed","ping_status":"closed","sticky":false,"template":"","format":"standard","meta":{"_exactmetrics_skip_tracking":false,"_exactmetrics_sitenote_active":false,"_exactmetrics_sitenote_note":"","_exactmetrics_sitenote_category":0,"footnotes":""},"categories":[31,9],"tags":[],"class_list":["post-7932","post","type-post","status-publish","format-standard","has-post-thumbnail","hentry","category-ateliere","category-evenimente"],"_links":{"self":[{"href":"https:\/\/mnlr.ro\/en\/wp-json\/wp\/v2\/posts\/7932","targetHints":{"allow":["GET"]}}],"collection":[{"href":"https:\/\/mnlr.ro\/en\/wp-json\/wp\/v2\/posts"}],"about":[{"href":"https:\/\/mnlr.ro\/en\/wp-json\/wp\/v2\/types\/post"}],"author":[{"embeddable":true,"href":"https:\/\/mnlr.ro\/en\/wp-json\/wp\/v2\/users\/8"}],"replies":[{"embeddable":true,"href":"https:\/\/mnlr.ro\/en\/wp-json\/wp\/v2\/comments?post=7932"}],"version-history":[{"count":3,"href":"https:\/\/mnlr.ro\/en\/wp-json\/wp\/v2\/posts\/7932\/revisions"}],"predecessor-version":[{"id":7936,"href":"https:\/\/mnlr.ro\/en\/wp-json\/wp\/v2\/posts\/7932\/revisions\/7936"}],"wp:featuredmedia":[{"embeddable":true,"href":"https:\/\/mnlr.ro\/en\/wp-json\/wp\/v2\/media\/7933"}],"wp:attachment":[{"href":"https:\/\/mnlr.ro\/en\/wp-json\/wp\/v2\/media?parent=7932"}],"wp:term":[{"taxonomy":"category","embeddable":true,"href":"https:\/\/mnlr.ro\/en\/wp-json\/wp\/v2\/categories?post=7932"},{"taxonomy":"post_tag","embeddable":true,"href":"https:\/\/mnlr.ro\/en\/wp-json\/wp\/v2\/tags?post=7932"}],"curies":[{"name":"wp","href":"https:\/\/api.w.org\/{rel}","templated":true}]}}