{"id":7989,"date":"2019-01-30T12:53:53","date_gmt":"2019-01-30T10:53:53","guid":{"rendered":"http:\/\/mnlr.ro\/?p=7989"},"modified":"2019-01-30T15:01:21","modified_gmt":"2019-01-30T13:01:21","slug":"aniversare-nicolae-breban-85-de-ani-laudatio-acad-eugen-simion","status":"publish","type":"post","link":"https:\/\/mnlr.ro\/en\/aniversare-nicolae-breban-85-de-ani-laudatio-acad-eugen-simion\/","title":{"rendered":"Aniversare Nicolae Breban, 85 de ani. Laudatio Acad.Eugen Simion"},"content":{"rendered":"<p><strong>Muzeul Na\u021bional al Literaturii Rom\u00e2ne v\u0103 invit\u0103 \u00a0Joi, 31 ianuarie 2019, ora 13.30, la sediul MNLR din Strada Nicolae Cre\u021bulescu 8,<\/strong> <strong>la s\u0103rb\u0103torirea academicianului Nicolae Breban, cu ocazia \u00eemplinirii v\u00e2rstei de 85 de ani.\u00a0<em>Laudatio<\/em>\u00a0va fi realizat de acad. Eugen Simion, Pre\u0219edintele Sec\u021biei de Filologie \u0219i Literatur\u0103 din cadrul Academiei Rom\u00e2ne.<\/strong><\/p>\n<p>Nicolae Breban, n\u0103scut \u00een 1934, la Baia Mare, este romancier \u015fi eseist, precum \u015fi directorul revistei Contemporanul, editat\u0103 de Funda\u0163ia Cultural\u0103 Ideea European\u0103. [Revista Contemporanul este editat\u0103 de trustul Contemporanul \u2013 n.n.] El este unul dintre cei mai importan\u0163i \u015fi prolifici prozatori rom\u00e2ni contemporani. A debutat literar \u00een revista Via\u0163a studen\u0163easc\u0103, \u00een 1957. Opt ani mai t\u00e2rziu, Breban a publicat primul s\u0103u roman, Francisca (tradus \u00een limbile bulgar\u0103 \u015fi rus\u0103), distins cu premiul \u201eIon Creang\u0103\u201d al Academiei Rom\u00e2ne. \u00cen 1966, \u00eei urmeaz\u0103 romanul \u00cen absen\u0163a st\u0103p\u00e2nilor, iar \u00een 1968, Animale bolnave, premiat de Uniunea Scriitorilor. Breban a fost redactor-\u015fef al revistei Rom\u00e2nia literar\u0103. Breban a semnat scenariul filmului \u201eR\u0103ut\u0103ciosul adolescent\u201d, precum \u015fi scenariul \u015fi regia filmului \u201ePrintre colinele verzi\u201d, o ecranizare a romanului Animale bolnave, inclus \u00een selec\u0163ia oficial\u0103 a Festivalului Interna\u0163ional de la Cannes. \u00cen 1973, apare romanul \u00cengerul de gips, iar \u00een 1975, versiunea \u00een limba suedez\u0103 a romanului \u00cen absen\u0163a st\u0103p\u00e2nilor. Nicolae Breban a mai publicat volumele Bunavestire (1977), Don Juan (1981), piesele de teatru Culoarul cu \u015foareci \u015fi B\u0103tr\u00e2na doamn\u0103 \u015fi fluturele (1981 \u2013 1982, Paris), edi\u0163ia francez\u0103 a romanului \u00cen absen\u0163a st\u0103p\u00e2nilor (1983, Flammarion, Paris), Drumul la zid (1984), versiunea francez\u0103 a romanului Bunavestire (1985, Flammarion, Paris), P\u00e2nd\u0103 \u015fi seduc\u0163ie (1991), volumul de versuri Elegii parisiene (1992), trilogia Amfitrion (1994) \u2013 Demonii m\u0103run\u0163i, Procuratorii, Alberta, Riscul \u00een cultur\u0103 (1997), Ziua \u015fi noaptea (1998), Stricte amintiri literare (2001), Voin\u0163a de putere (2001), Sensul vie\u0163ii. Memorii I (2003), Sensul vie\u0163ii. Memorii II (2004) \u015fi Sensul vie\u0163ii. Memorii III (2006).<\/p>\n<p><em>De asemenea, vineri, 1 februarie 2019, ora 11.00, \u00een Aula Mare a Academiei Rom\u00e2ne (Calea Victoriei 125), va avea loc o sesiune aniversar\u0103 dedicat\u0103 academicianului Nicolae Breban, la care vor lua cuv\u00e2ntul acad. Ioan Aurel Pop, pre\u0219edintele Academiei Rom\u00e2ne, acad. Eugen Simion, Pre\u0219edintele Sec\u021biei de Filologie \u0219i Literatur\u0103, acad. Victor Voicu, vicepre\u0219edintele Academiei Rom\u00e2ne \u0219i prof.univ.dr. Mircia Dumitrescu, membru corespondent al Academiei Rom\u00e2ne.<\/em><\/p>\n<p>&nbsp;<\/p>\n","protected":false},"excerpt":{"rendered":"<p>Muzeul Na\u021bional al Literaturii Rom\u00e2ne v\u0103 invit\u0103 \u00a0Joi, 31 ianuarie 2019, ora 13.30, la sediul MNLR din Strada Nicolae Cre\u021bulescu&#8230;<\/p>","protected":false},"author":8,"featured_media":7990,"comment_status":"closed","ping_status":"closed","sticky":false,"template":"","format":"standard","meta":{"_exactmetrics_skip_tracking":false,"_exactmetrics_sitenote_active":false,"_exactmetrics_sitenote_note":"","_exactmetrics_sitenote_category":0,"footnotes":""},"categories":[11,23,9,12],"tags":[],"class_list":["post-7989","post","type-post","status-publish","format-standard","has-post-thumbnail","hentry","category-aniversari","category-aniversari-si-evocari","category-evenimente","category-evocari"],"_links":{"self":[{"href":"https:\/\/mnlr.ro\/en\/wp-json\/wp\/v2\/posts\/7989","targetHints":{"allow":["GET"]}}],"collection":[{"href":"https:\/\/mnlr.ro\/en\/wp-json\/wp\/v2\/posts"}],"about":[{"href":"https:\/\/mnlr.ro\/en\/wp-json\/wp\/v2\/types\/post"}],"author":[{"embeddable":true,"href":"https:\/\/mnlr.ro\/en\/wp-json\/wp\/v2\/users\/8"}],"replies":[{"embeddable":true,"href":"https:\/\/mnlr.ro\/en\/wp-json\/wp\/v2\/comments?post=7989"}],"version-history":[{"count":3,"href":"https:\/\/mnlr.ro\/en\/wp-json\/wp\/v2\/posts\/7989\/revisions"}],"predecessor-version":[{"id":7993,"href":"https:\/\/mnlr.ro\/en\/wp-json\/wp\/v2\/posts\/7989\/revisions\/7993"}],"wp:featuredmedia":[{"embeddable":true,"href":"https:\/\/mnlr.ro\/en\/wp-json\/wp\/v2\/media\/7990"}],"wp:attachment":[{"href":"https:\/\/mnlr.ro\/en\/wp-json\/wp\/v2\/media?parent=7989"}],"wp:term":[{"taxonomy":"category","embeddable":true,"href":"https:\/\/mnlr.ro\/en\/wp-json\/wp\/v2\/categories?post=7989"},{"taxonomy":"post_tag","embeddable":true,"href":"https:\/\/mnlr.ro\/en\/wp-json\/wp\/v2\/tags?post=7989"}],"curies":[{"name":"wp","href":"https:\/\/api.w.org\/{rel}","templated":true}]}}