{"id":7994,"date":"2019-02-05T09:42:34","date_gmt":"2019-02-05T07:42:34","guid":{"rendered":"http:\/\/mnlr.ro\/?p=7994"},"modified":"2019-02-05T09:44:43","modified_gmt":"2019-02-05T07:44:43","slug":"mircia-dumitrescu-la-cafeneau-critica","status":"publish","type":"post","link":"https:\/\/mnlr.ro\/en\/mircia-dumitrescu-la-cafeneau-critica\/","title":{"rendered":"Mircia Dumitrescu la Cafeneaua critic\u0103"},"content":{"rendered":"<p><em><strong>(la MNLR-Cre\u0163ulescu 8, joi<\/strong><\/em><strong>\u00a07 februarie 2019)<\/strong><\/p>\n<p>Grafician, pictor, sculptor, \u201eobiectualist\u201d, \u201eserialist\u201d, \u201einstala\u0163ionist\u201d, extraordinarul creator vizual <strong>Mircia Dumitrescu<\/strong> lucreaz\u0103 mult \u015fi expune generos, \u00een \u201epersonale\u201d \u015fi \u00een \u201ecolective\u201d, \u00een institu\u0163ii publice \u015fi \u00een spa\u0163ii \u201ealternative\u201d, ilustreaz\u0103 c\u0103r\u0163i \u015fi imagineaz\u0103 \u201eidentit\u0103\u0163i vizuale\u201d pentru evenimente culturale, \u00eendrum\u0103 studen\u0163i-viitori-arti\u015fti ori copii \u015fi adolescen\u0163i talenta\u0163i, e prezent de peste o jum\u0103tate de secol pe scena artelor rom\u00e2ne\u015fti, d\u00eend \u00een ultimele decenii \u015fi \u00een chiar ace\u015fti ani senza\u0163ia de ubicuitate. E \u015fi acum deschis\u0103, la <em>Muzeul<\/em>\u00a0<em>Na\u0163ional al Literaturii Rom\u00e2ne din Bucure\u015fti, \u00een sediul din Calea Grivi\u0163ei nr. 64-66,\u00a0<\/em>o expozi\u0163ie Mircia Dumitrescu, un soi de \u201eantologie\u201d din mai vechile \u015fi mai noile sale explor\u0103ri vizuale, grafice, fotografice, sculpturale \u015f.a.m.d. \u00cen complement, la\u00a0<em>sediul din Strada Nicolae Cre\u0163ulescu 8 al MNLR, pres\u0103rat cu lucr\u0103ri ale artistului \u2013 o\u00a0<strong>Cafenea critic\u0103<\/strong>\u00a0lui dedicat\u0103, \u00een dialog cu \u015fi despre\u00a0<\/em>Mircia Dumitrescu!<br \/>\nAmfitrion: Ion Bogdan Lefter.<\/p>\n<p><strong>Cafeneaua critic\u0103<\/strong>, proiect de dezbateri culturale pe teme de actualitate, desf\u0103\u015furat \u00een 1994-1998, \u00een cafeneaua Facult\u0103\u0163ii de Litere a Universit\u0103\u0163ii din Bucure\u015fti, \u015fi dup\u0103 2008, \u00een diverse cluburi din Capital\u0103, este g\u0103zduit\u0103 actualmente de\u00a0<em>Muzeul Na\u0163ional al Literaturii Rom\u00e2ne din Bucure\u015fti (sediul din Strada Nicolae Cre\u0163ulescu)*.<\/em><\/p>\n<p>*<br \/>\n<strong>Cafeneaua critic\u0103<\/strong><br \/>\nJoi 7 februarie\u00a02019, orele 19.00-21.30<br \/>\n<em>Muzeul Na\u0163ional al Literaturii Rom\u00e2ne din Bucure\u015fti\/ MNLR<\/em><br \/>\nStr. Nicolae Cre\u0163ulescu nr. 8\u00a0(\u00een spatele Bisericii Albe de pe Calea Victoriei \u015fi \u00een spatele UNITER)<br \/>\nContact: 0731-00.30.22 (Andreea Dr\u0103ghicescu); 0737-210.978 (Paul Radu)<\/p>\n<p>_______________<\/p>\n<p>* Invita\u0163ii \u201estagiunii\u201d 2018-2019 \u015fi participan\u0163ii la discu\u0163ii: Ioan Cristescu, Mireille R\u0103doi, Adina Berciu-Dr\u0103ghicescu, Dan Gulea, Mircea Tiberian (Centenar neconven\u0163ional: perspectiva feminist\u0103, scriitorii c\u0103zu\u0163i, cantata Tiberian) (edi\u0163ia a 227-a); Ion Pop \u015fi Constantin Ab\u0103lu\u0163\u0103, Iulian B\u0103icu\u015f, Ana Blandiana, Mircea Martin, Simona Popescu, Ion Simu\u0163 (despre Poezia rom\u00e2neasc\u0103 neomodernist\u0103) (edi\u0163ia a 228-a); amfitrionul \u015fi Vlad A. Arghir, Ioan Iacob, Paul Radu, Ramona T\u0103nase, plus veselie &amp; antren (10 ani de\u00a0<strong>Cafenele critice<\/strong>, seria a 2-a) (edi\u0163ia a 229-a); Dorin \u015etefan \u015fi Elsa Exarhu, Petru G\u00eenj, Gabriela Massaci, Matei St\u00eercea-Cr\u0103ciun, Anda \u015etefan (edi\u0163ia a 230-a); Anca Boeriu, Andreea Sandu, Ilina Schileru, Octavin Neculai,\u00a0Vl\u0103du\u0163\u00a0Mavriche,\u00a0<wbr \/>Andreea Dr\u0103ghicescu \u015fi Adrian Branea, Robert-Nicolae Moreanu (despre\u00a0<em>proiectul\u00a0<strong>Arta la intrare<\/strong><\/em>) (edi\u0163ia a 231-a);\u00a0Mircea Florian, Drago\u015f Andriana, Andrei Dinescu, Florin Manca\/ Daath Yug, C\u0103t\u0103lin R\u0103dulescu\/ Tzetze, Lucian Stan\/ DJ Vasile (trupa lui FloriMan), Alexandru Unguru, Mi\u015fa \u015eerban, Alin State (echipa spectacolului\u00a0<strong>Doi \u015fi un tulnic<\/strong>, regia: Alexandru Unguru, scenografia: Cristian St\u0103noiu), Oana Sav (Uniunea Mun\u0163ii Apuseni) (\u00cent\u00eelnirea\u00a0anual\u0103 a \u015ecolii de tulnice\/ Funda\u0163ia Mircea Florian\/ MotzArt\/ Uniunea Mun\u0163ii Apuseni)\u00a0(edi\u0163ia a 232-a);\u00a0<em>Ioan Iacob, Mircea Roman, Aurel Vlad,\u00a0\u00a0Florentina Voichi, Iulia<\/em>\u00a0Deme,\u00a0Raluca B\u0103loiu<em>\u00a0\u015fi Constantin Ab\u0103lu\u0163\u0103\u00a0<\/em>(despre proiectul\u00a0<strong>FIG<\/strong>\/\u00a0<em>expozi\u0163ia\u00a0<strong>Afini<wbr \/>t\u0103\u0163i elective<\/strong><\/em><em>\u00a0\u2013<\/em>\u00a0<em><strong>FIG 3<\/strong><\/em>, la Galeriilor Carol)\u00a0(edi\u0163ia a 233-a); Nora Iuga, Constantin Ab\u0103lu\u0163\u0103 \u015fi Mircea Anghelescu, Mihaela Miroiu, Stelian Stativ\u0103, Aurel Vlad (Nora Iuga \u2013 88, Constantin Ab\u0103lu\u0163\u0103 \u2013 80) (edi\u0163ia a 234-a).<\/p>","protected":false},"excerpt":{"rendered":"<p>(la MNLR-Cre\u0163ulescu 8, joi\u00a07 februarie 2019) Grafician, pictor, sculptor, \u201eobiectualist\u201d, \u201eserialist\u201d, \u201einstala\u0163ionist\u201d, extraordinarul creator vizual Mircia Dumitrescu lucreaz\u0103 mult \u015fi&#8230;<\/p>","protected":false},"author":8,"featured_media":7995,"comment_status":"closed","ping_status":"closed","sticky":false,"template":"","format":"standard","meta":{"_exactmetrics_skip_tracking":false,"_exactmetrics_sitenote_active":false,"_exactmetrics_sitenote_note":"","_exactmetrics_sitenote_category":0,"footnotes":""},"categories":[25],"tags":[],"class_list":["post-7994","post","type-post","status-publish","format-standard","has-post-thumbnail","hentry","category-cluburi-si-cenacluri-literare"],"_links":{"self":[{"href":"https:\/\/mnlr.ro\/en\/wp-json\/wp\/v2\/posts\/7994","targetHints":{"allow":["GET"]}}],"collection":[{"href":"https:\/\/mnlr.ro\/en\/wp-json\/wp\/v2\/posts"}],"about":[{"href":"https:\/\/mnlr.ro\/en\/wp-json\/wp\/v2\/types\/post"}],"author":[{"embeddable":true,"href":"https:\/\/mnlr.ro\/en\/wp-json\/wp\/v2\/users\/8"}],"replies":[{"embeddable":true,"href":"https:\/\/mnlr.ro\/en\/wp-json\/wp\/v2\/comments?post=7994"}],"version-history":[{"count":3,"href":"https:\/\/mnlr.ro\/en\/wp-json\/wp\/v2\/posts\/7994\/revisions"}],"predecessor-version":[{"id":7998,"href":"https:\/\/mnlr.ro\/en\/wp-json\/wp\/v2\/posts\/7994\/revisions\/7998"}],"wp:featuredmedia":[{"embeddable":true,"href":"https:\/\/mnlr.ro\/en\/wp-json\/wp\/v2\/media\/7995"}],"wp:attachment":[{"href":"https:\/\/mnlr.ro\/en\/wp-json\/wp\/v2\/media?parent=7994"}],"wp:term":[{"taxonomy":"category","embeddable":true,"href":"https:\/\/mnlr.ro\/en\/wp-json\/wp\/v2\/categories?post=7994"},{"taxonomy":"post_tag","embeddable":true,"href":"https:\/\/mnlr.ro\/en\/wp-json\/wp\/v2\/tags?post=7994"}],"curies":[{"name":"wp","href":"https:\/\/api.w.org\/{rel}","templated":true}]}}