{"id":8020,"date":"2019-02-07T16:04:54","date_gmt":"2019-02-07T14:04:54","guid":{"rendered":"http:\/\/mnlr.ro\/?p=8020"},"modified":"2019-02-15T10:05:23","modified_gmt":"2019-02-15T08:05:23","slug":"cartisor-de-autor-maria-regina-romaniei","status":"publish","type":"post","link":"https:\/\/mnlr.ro\/en\/cartisor-de-autor-maria-regina-romaniei\/","title":{"rendered":"C\u0103r\u0163i\u015for de Autor &#8211; Maria, Regina Rom\u00e2niei"},"content":{"rendered":"<p><strong>Muzeul Na\u021bional al Literaturii Rom\u00e2ne \u00een parteneriat cu Asocia\u0163ia Moara de h\u00e2rtie v\u0103 invit\u0103 miercuri, 13 februarie 2019, ora 19.00, la sediul MNLR din Str. Nicolae Cre\u021bulescu nr. 8 (\u00een spatele Bisericii Albe), la evenimentul de lansare a unui m\u0103r\u021bi\u0219or literar aparte \u2013 C\u0103r\u0163i\u015forul de Autor Maria, Regina Rom\u00e2niei, manufacturat \u00een Atelierul-muzeu Moara de h\u00e2rtie din Comana. Particip\u0103 istoricul Georgeta Filitti, actri\u021ba Simona Mih\u0103escu (care interpreteaz\u0103 rolul Reginei Maria, \u00eentr-un spectacol regizat de \u0218tefan Lupu la Teatrul Mic), scriitoarea \u0219i jurnalista Daniela \u0218ontic\u0103. Amfitrion Loreta Popa.<\/strong><\/p>\n<p>De ce C\u0103r\u021bi\u0219or? Pentru c\u0103 \u00een lada de zestre a poporului nostru exist\u0103 un obicei str\u0103vechi, cel al M\u0103r\u021bi\u0219orului, iar cartea merit\u0103 purtat\u0103 \u00een dreptul inimii. C\u0103r\u021bi\u0219orul de Autor, lansat acum doi ani cu versurile poetei Ana Blandiana, a continuat cu un alt nume de aur al literaturii rom\u00e2ne, Nichita St\u0103nescu, iar anul acesta marcheaz\u0103 Centenarul Rom\u00e2niei Mari cu cea care a fost Maria, Regina Rom\u00e2niei.<\/p>\n<p>De ce Maria, Regina Rom\u00e2niei? Pentru c\u0103, de\u015fi nu s-a n\u0103scut \u00een Rom\u00e2nia, Regina \u015fi-a iubit \u0163ara de adop\u0163ie \u015fi a stat \u00een spatele realiz\u0103rii acestui vis al Marii Uniri de la 1918, fiind considerat\u0103 Regina Tuturor Rom\u00e2nilor.<\/p>\n<p>Pentru c\u0103 este mai pu\u021bin cunoscut faptul c\u0103 Maria, Regina Rom\u00e2niei, a g\u0103sit timp s\u0103 scrie nu doar memorii, ci \u015fi nuvele \u015fi pove\u015fti. H\u0103r\u0103zit\u0103 cu talent literar \u015fi o mare sensibilitate artistic\u0103, s-a remarcat prin scrieri de o frumuse\u0163e aparte. Dac\u0103 paginile biografice cuceresc printr-un extraordinar sim\u0163 al observa\u0163iei, sinceritate \u015fi farmecul m\u0103rturisirii, paginile de poveste constituie o dezl\u0103n\u0163uire de metafore, de imagini ce abund\u0103 \u00een detalii dintre cele mai surprinz\u0103toare, cre\u00e2nd o atmosfer\u0103 ce \u00eenv\u0103luie cu totul cititorul, purt\u00e2ndu-l \u00eentr-o lume de legend\u0103.<\/p>\n<p><em>C\u0103r\u021bi\u0219orul de Autor Maria, Regina Rom\u00e2niei<\/em>, edi\u021bia 2019, cuprinde \u00eentre copertele lui un scurt fragment din volumul \u201ePatru anotimpuri din via\u021ba unui om\u02ee, capitolul \u201ePrim\u0103vara!\u02ee.<\/p>\n<p>\u00cen plus fa\u021b\u0103 de anii anteriori, anul acesta apare varianta <em>C\u0103r\u021bi\u0219or de Autor<\/em> \u00een limbile englez\u0103 \u0219i francez\u0103. Pentru c\u0103 Maria, Regina Rom\u00e2niei, a scris \u00een englez\u0103 \u015fi multe dintre c\u0103r\u0163ile ei au fost traduse \u015fi \u00een francez\u0103, iar m\u0103r\u0163i\u015forul se afl\u0103 pe lista patrimoniului cultural imaterial al umanit\u0103\u021bii UNESCO, Muzeul Na\u021bional al Literaturii Rom\u00e2ne \u0219i Asocia\u0163ia Moara de h\u00e2rtie \u00ee\u0219i doresc ca versiunile \u00een cele dou\u0103 limbi str\u0103ine s\u0103 fie percepute \u015fi ca un mesager al tradi\u0163iilor rom\u00e2ne\u015fti \u00een Europa \u015fi nu numai.<\/p>\n<p>Vor exista, ca \u0219i anul trecut, trei versiuni: C\u0103r\u021bi\u0219orul de Autor, prins pe o cartolin\u0103; C\u0103r\u021bi\u0219orul de Autor ambalat \u00een cutie sub form\u0103 de carte legat\u0103 \u00een h\u00e2rtie de m\u00e2n\u0103 ob\u021binut\u0103 din h\u00e2rtie reciclabil\u0103 cu inser\u021bii de flori \u0219i iarb\u0103. Aceast\u0103 variant\u0103 va avea imprimat\u0103 pe copert\u0103, cu negru, monograma Reginei Maria; C\u0103r\u021bi\u0219orul de Autor ambalat \u00een cutie sub form\u0103 de carte legat\u0103 \u00een h\u00e2rtie de m\u00e2n\u0103 realizat\u0103 integral \u00een atelierul Morii de h\u00e2rtie din fire de bumbac. Pe aceast\u0103 variant\u0103, monograma Reginei Maria va fi imprimat\u0103 pe presa de poleit, \u00een auriu.<\/p>\n<p>Mai multe informa\u021bii despre C\u0103r\u021bi\u0219or pute\u021bi g\u0103si pe site-ul www.moaradehartie.ro.<\/p>\n<p>Intrarea este liber\u0103, \u00een ordinea sosirii, \u00een limita locurilor disponibile. V\u00e2rsta minim\u0103 de participare este 9 ani. V\u0103 a\u0219tept\u0103m cu drag!<\/p>","protected":false},"excerpt":{"rendered":"<p>Muzeul Na\u021bional al Literaturii Rom\u00e2ne \u00een parteneriat cu Asocia\u0163ia Moara de h\u00e2rtie v\u0103 invit\u0103 miercuri, 13 februarie 2019, ora 19.00,&#8230;<\/p>","protected":false},"author":8,"featured_media":8021,"comment_status":"closed","ping_status":"closed","sticky":false,"template":"","format":"standard","meta":{"_exactmetrics_skip_tracking":false,"_exactmetrics_sitenote_active":false,"_exactmetrics_sitenote_note":"","_exactmetrics_sitenote_category":0,"footnotes":""},"categories":[26],"tags":[],"class_list":["post-8020","post","type-post","status-publish","format-standard","has-post-thumbnail","hentry","category-spectacole-de-teatru"],"_links":{"self":[{"href":"https:\/\/mnlr.ro\/en\/wp-json\/wp\/v2\/posts\/8020","targetHints":{"allow":["GET"]}}],"collection":[{"href":"https:\/\/mnlr.ro\/en\/wp-json\/wp\/v2\/posts"}],"about":[{"href":"https:\/\/mnlr.ro\/en\/wp-json\/wp\/v2\/types\/post"}],"author":[{"embeddable":true,"href":"https:\/\/mnlr.ro\/en\/wp-json\/wp\/v2\/users\/8"}],"replies":[{"embeddable":true,"href":"https:\/\/mnlr.ro\/en\/wp-json\/wp\/v2\/comments?post=8020"}],"version-history":[{"count":4,"href":"https:\/\/mnlr.ro\/en\/wp-json\/wp\/v2\/posts\/8020\/revisions"}],"predecessor-version":[{"id":8025,"href":"https:\/\/mnlr.ro\/en\/wp-json\/wp\/v2\/posts\/8020\/revisions\/8025"}],"wp:featuredmedia":[{"embeddable":true,"href":"https:\/\/mnlr.ro\/en\/wp-json\/wp\/v2\/media\/8021"}],"wp:attachment":[{"href":"https:\/\/mnlr.ro\/en\/wp-json\/wp\/v2\/media?parent=8020"}],"wp:term":[{"taxonomy":"category","embeddable":true,"href":"https:\/\/mnlr.ro\/en\/wp-json\/wp\/v2\/categories?post=8020"},{"taxonomy":"post_tag","embeddable":true,"href":"https:\/\/mnlr.ro\/en\/wp-json\/wp\/v2\/tags?post=8020"}],"curies":[{"name":"wp","href":"https:\/\/api.w.org\/{rel}","templated":true}]}}