{"id":8073,"date":"2019-02-21T13:52:50","date_gmt":"2019-02-21T11:52:50","guid":{"rendered":"http:\/\/mnlr.ro\/?p=8073"},"modified":"2019-02-25T15:54:28","modified_gmt":"2019-02-25T13:54:28","slug":"lansare-de-carte-pe-firul-de-paianjen-al-unei-vieti-cella-serghi","status":"publish","type":"post","link":"https:\/\/mnlr.ro\/en\/lansare-de-carte-pe-firul-de-paianjen-al-unei-vieti-cella-serghi\/","title":{"rendered":"Lansare de carte &#8211;  \u201ePe firul de p\u0103ianjen al unei vie\u021bi\u201d &#8211;  Cella Serghi"},"content":{"rendered":"<p><strong>Vineri, 22 februarie 2019<\/strong>, <strong>\u00eencep\u00e2nd cu ora 17<\/strong>, Editura IMPRIMA lanseaz\u0103 cartea \u201ePe firul de p\u0103ianjen al unei vie\u021bi. Cella Serghi\u201d , la <strong>THE NATIONAL MUSEUM OF ROMANIAN LITERATURE<\/strong> (str. Nicolae Cre\u021bulescu nr. 8 &#8211; \u00een spatele Bisericii Albe).<\/p>\n<p>\u201ePe firul de p\u0103ianjen al unei vie\u021bi. Cella Serghi\u201d realizeaz\u0103 portretul acestei prozatoare narcisiste, at\u00e2t \u00een partea de biografie, c\u00e2t \u015fi \u00een descrierea operei, cu o implicare afectiv\u0103 discret\u0103, care nu distorsioneaz\u0103 \u00eens\u0103 judecata critic\u0103.<br \/>\nCu inteligen\u0163\u0103, analiza universului operei Cellei Serghi revine mereu la romanul \u201eP\u00e2nza de p\u0103ianjen\u201d , ca la adev\u0103rata pies\u0103 de rezisten\u0163\u0103 a unei cariere lungi \u015fi inegale.<br \/>\nProf. univ. dr. Elena Zaharia &#8211; Filipa\u015f<\/p>\n<p><a href=\"https:\/\/www.facebook.com\/641398026000806\/photos\/a.646538195486789\/1325059917634610\/?type=3&amp;eid=ARBiZnFKEhSr0GB3BZNniOpM3AYQeoVdwtRdtCWgWEMfRvLTh3RBNWNQTPDVt02GDrTwvFmPTeBVTOAH&amp;__xts__%5B0%5D=68.ARA6q11tUtEqGqtJx5ggwqbyEt5mHmorT5eWSyO5UafU_OrutVt1mFkOCPIP0M3eSrj6F1KLMzxDL0rN0RhFDo_ElgCalMsdnHDe-JiUp3Ql7wGlWb4sjH51-fhRNd7ggd8-BZ-FUwOnxolf9w-EbSo5GGfPaWXNIZqlddWGHAq3cmuoFdbsOQj-K53OPpnQIQ8X2XHJUkfQh-l_-XvYAp3Ahl0m_6_7PZFlff9Pvx9ohJFd_Wr4HYFitOYxl6jZzsZqPCgx7nwCNgu2VSJTBH9vGJC5SzefTv8A-kotOz1yki9Moq1GYUatjtarmgZJEVU_1zYKtsT7aT9swLAhuAnRuA&amp;__tn__=EEHH-R\"><br \/>\n<\/a>Parteneri: Prim\u0103ria Capitalei, Muzeul Na\u021bional al Literaturii Rom\u00e2ne, La Mama, Crama Histria.<\/p>\n<p>Cei care doresc s\u0103 participe la acest eveniment sunt invita\u021bi s\u0103 \u00ee\u0219i exprime inten\u021bia printr-un mail (trimis pe office@imprima.ro sau n.v.barbu@gmail.com) sau printr-un mesaj pe WhatsApp (0722.359.806), preciz\u00e2nd numele \u0219i num\u0103rul de persoane interesate. Ve\u021bi primi un mesaj de r\u0103spuns, care reprezint\u0103 invita\u021bia pe care va trebui s\u0103 o prezenta\u021bi la intrare (printat\u0103 sau salvat\u0103 \u00een telefon), pentru a vi se permite accesul.<\/p>\n<p>V\u0103 a\u0219tept\u0103m cu mult drag.<\/p>\n<p>&nbsp;<\/p>","protected":false},"excerpt":{"rendered":"<p>Vineri, 22 februarie 2019, \u00eencep\u00e2nd cu ora 17, Editura IMPRIMA lanseaz\u0103 cartea \u201ePe firul de p\u0103ianjen al unei vie\u021bi. Cella&#8230;<\/p>","protected":false},"author":8,"featured_media":8072,"comment_status":"closed","ping_status":"closed","sticky":false,"template":"","format":"standard","meta":{"_exactmetrics_skip_tracking":false,"_exactmetrics_sitenote_active":false,"_exactmetrics_sitenote_note":"","_exactmetrics_sitenote_category":0,"footnotes":""},"categories":[9,21],"tags":[],"class_list":["post-8073","post","type-post","status-publish","format-standard","has-post-thumbnail","hentry","category-evenimente","category-lansari-de-carte"],"_links":{"self":[{"href":"https:\/\/mnlr.ro\/en\/wp-json\/wp\/v2\/posts\/8073","targetHints":{"allow":["GET"]}}],"collection":[{"href":"https:\/\/mnlr.ro\/en\/wp-json\/wp\/v2\/posts"}],"about":[{"href":"https:\/\/mnlr.ro\/en\/wp-json\/wp\/v2\/types\/post"}],"author":[{"embeddable":true,"href":"https:\/\/mnlr.ro\/en\/wp-json\/wp\/v2\/users\/8"}],"replies":[{"embeddable":true,"href":"https:\/\/mnlr.ro\/en\/wp-json\/wp\/v2\/comments?post=8073"}],"version-history":[{"count":1,"href":"https:\/\/mnlr.ro\/en\/wp-json\/wp\/v2\/posts\/8073\/revisions"}],"predecessor-version":[{"id":8074,"href":"https:\/\/mnlr.ro\/en\/wp-json\/wp\/v2\/posts\/8073\/revisions\/8074"}],"wp:featuredmedia":[{"embeddable":true,"href":"https:\/\/mnlr.ro\/en\/wp-json\/wp\/v2\/media\/8072"}],"wp:attachment":[{"href":"https:\/\/mnlr.ro\/en\/wp-json\/wp\/v2\/media?parent=8073"}],"wp:term":[{"taxonomy":"category","embeddable":true,"href":"https:\/\/mnlr.ro\/en\/wp-json\/wp\/v2\/categories?post=8073"},{"taxonomy":"post_tag","embeddable":true,"href":"https:\/\/mnlr.ro\/en\/wp-json\/wp\/v2\/tags?post=8073"}],"curies":[{"name":"wp","href":"https:\/\/api.w.org\/{rel}","templated":true}]}}