{"id":8351,"date":"2019-03-26T09:42:42","date_gmt":"2019-03-26T07:42:42","guid":{"rendered":"http:\/\/mnlr.ro\/?p=8351"},"modified":"2019-04-22T15:46:07","modified_gmt":"2019-04-22T12:46:07","slug":"expozitie-eveniment-eli-lotar-sezonul-romania-franta","status":"publish","type":"post","link":"https:\/\/mnlr.ro\/en\/expozitie-eveniment-eli-lotar-sezonul-romania-franta\/","title":{"rendered":"Expozi\u021bie eveniment | Eli Lotar (1905 &#8211; 1969)"},"content":{"rendered":"<p><strong>Expozi\u021bie eveniment | Eli Lotar (1905 &#8211; 1969)<br \/>\n18 aprilie \u2013 14 iulie 2019 | Muzeul Colec\u021biilor de Art\u0103<br \/>\n(Calea Victoriei 111)<br \/>\n<\/strong><\/p>\n<p><strong>Muzeul Na\u021bional al Literaturii Rom\u00e2ne, \u00een parteneriat cu Centrul Pompidou \u0219i Jeu de Paume, sub g\u0103zduirea Muzeului Colec\u021biilor de Art\u0103 \u0219i \u00een contextul Sezonului Rom\u00e2nia \u2013 Fran\u021ba, v\u0103 invit\u0103 la o mult a\u0219teptat\u0103 \u0219i emo\u021bionant\u0103 expozi\u021bie:\u00a0<em>Eli Lotar (1905-1969)<\/em>, dedicat\u0103 unuia dintre cei mai importan\u021bi fotografi ai avangardei pariziene. Expozi\u021bia reediteaz\u0103 retrospectiva Eli Lotar deschis\u0103 la Centrul Pompidou, \u00een anul 2017, o co-produc\u021bie Centrul Pompidou \u0219i Jeu de Paume, fiind o premier\u0103 absolut\u0103 pentru Rom\u00e2nia.<\/strong><\/p>\n<p>Expozi\u021bie curatoriat\u0103 de Damarice Amao (Centrul Pompidou) \u0219i Pia Viewing (Jeu de Paume) pentru prezentarea la Bucure\u0219ti.<\/p>\n<p>Fotograf \u0219i cineast francez de origine rom\u00e2n\u0103, important reprezentant al avangardei pariziene, Eli Lotar (Eliazar Lotar Theodorescu) este fiul poetului Tudor Arghezi, de la care a \u0219i primit primul s\u0103u aparat de fotografiat.<\/p>\n<p>Lotar \u0219i-a petrecut copil\u0103ria la Bucure\u0219ti, al\u0103turi de tat\u0103l s\u0103u, pentru a \u201ereveni\u201d la Paris (ora\u0219ul \u00een care s-a n\u0103scut) \u00een 1924. Aici se apropie de fotografa Germaine Krull, de la care \u00eenva\u021b\u0103 meserie, \u0219i mai t\u00e2rziu de suprareali\u0219ti, public\u00e2nd mai ales \u00een revistele de avangard\u0103 \u201eVU\u201d, \u201eJazz\u201d \u0219i \u201eArts et m\u00e9tiers graphiques\u201d \u0219i particip\u00e2nd la expozi\u021bii interna\u021bionale importante ca \u201eFotografie der Gegenwart\u201d, \u201eFilm und Foto\u201d \u0219i \u201eDocuments de la vie sociale\u201d. Fotografiile \u0219i filmele lui Eli Lotar surprind o \u00eentreag\u0103 modernitate vibrant\u0103, spectaculoas\u0103, poetic\u0103, decadent\u0103, tulbur\u0103toare: imagini din spitale \u0219i abatoare, scene din via\u021ba prostituatelor, lumea plin\u0103 de pitoresc a artelor spectacolului, peisaje mediteraneene \u0219i situri arheologice grece\u0219ti a\u0219a cum ar\u0103tau acestea la \u00eenceputul anilor \u201930.<\/p>\n<p>Realizat\u0103 \u00een mare parte din fondurile Cabinetului de Fotografie al Muzeului Na\u021bional de Art\u0103 Modern\u0103 \u2013 Centrul Pompidou \u0219i cu concursul unor colec\u021bii private, expozi\u021bia reune\u0219te circa 80 de fotografii de epoc\u0103 (<em>vintage<\/em>)\u00a0\u0219i o selec\u021bie de o sut\u0103 de documente (c\u0103r\u021bi, reviste, scrisori, negative, filme) care ilustreaz\u0103 esen\u021ba activit\u0103\u021bii lui Eli Lotar. Ea aduce \u00een prim plan o viziune cuprinz\u0103toare asupra crea\u021biei artistului, a unicit\u0103\u021bii traiectoriei sale \u0219i a universului s\u0103u vizual.<\/p>\n<p>Expozi\u021bia prezentat\u0103 la Bucure\u0219ti \u00eencep\u00e2nd cu 18 aprilie 2019 este co-produs\u0103 de Muzeul Na\u021bional al Literaturii Rom\u00e2ne, Centrul Pompidou \u0219i Jeu de Paume \u0219i constituie o binemeritat\u0103 recunoa\u0219tere a contribu\u021biei lui Eli Lotar la conturarea modernismului fotografic \u0219i cinematografic.<\/p>\n<p>Expozi\u021bia este \u00eenso\u021bit\u0103 de catalogul <em>Eli Lotar (1905 &#8211; 1969),\u00a0<\/em>de volumul de scrisori inedite <em>Eli Lotar. Scrisori \/ Lettres (1924 &#8211; 1926) <\/em>\u0219i de un dosar de pres\u0103 dedicat expozi\u021biei.<\/p>\n<p><strong>Vernisajul va avea loc joi, 18 aprilie 2019, \u00een intervalul orar 19.30 \u2013 22.00, \u00een prezen\u021ba celor dou\u0103 curatoare.<br \/>\nTururi ghidate: 19.45; 20:45<\/strong><\/p>\n<p>Expozi\u021bie g\u0103zduit\u0103 de <strong>Muzeul Colec\u021biilor de Art\u0103 <\/strong><br \/>\n<strong>18 aprilie \u2013 14 iulie 2019<\/strong><br \/>\nProgram: s\u00e2mb\u0103t\u0103 \u2013 miercuri, 10.00 \u2013 18.00<br \/>\nUltima intrare se face la ora 17.00<br \/>\nIntrare liber\u0103 p\u00e2n\u0103 \u00een data de 27 aprilie 2019<\/p>\n<p>***<br \/>\nExpozi\u021bia se \u00eenscrie \u00een calendarul <strong>Sezonului Fran\u021ba-Rom\u00e2nia 2019<\/strong>. Evenimentul valorific\u0103 implicit temele abordate \u00een cadrul Sezonului \u0219i contribuie la actualizarea imaginii \u0219i a percep\u021biei celor dou\u0103 popoare unul fa\u021b\u0103 de cel\u0103lalt, precum \u0219i la \u00eent\u0103rirea leg\u0103turilor culturale \u0219i a cooper\u0103rii dintre cele dou\u0103 \u021b\u0103ri, a\u0219a cum o indic\u0103 \u0219i direc\u021bia general\u0103 a programului.<\/p>\n<p>Pentru detalii suplimentare, v\u0103 rug\u0103m s\u0103 contacta\u021bi Responsabilul de comunicare:<br \/>\nAndreea DR\u0102GHICESCU<br \/>\nandreea.draghicescu@mnlr.ro<br \/>\n+40 731 003 022<\/p>\n<p><u><strong>Echipa de proiect:<\/strong><\/u><br \/>\nCoordonator program: Ioan Cristescu, director MNLR<br \/>\nCuratori: Damarice Amao (Centre Pompidou) \u0219i Pia Viewing (Jeu de Paume)<br \/>\nDesign: Cosmina Goagea, Alexandru Condrea, Anastasia David Limona, Constantin Goagea<br \/>\nGrafic\u0103 materiale promovare \u0219i DTP: Petru \u015eo\u015fa<br \/>\nSuport multimedia: Marian Cristian Golescu (Mac Media Alarm Srl)<br \/>\nProduc\u021bie expozi\u021bie: Cristi Medeleanu, George Raiu, Cristian Chi\u021bev, Dumitru Generalu, Daniel Prunoiu, Gabriel Urmuzache (CDM Prest\u0103ri Servicii)<br \/>\nConservare preventiv\u0103: Mirela Leahu, Mariana N\u0103stase<br \/>\nCoordonare expozi\u021bie \u0219i catalog \/ promovare: Andreea Dr\u0103ghicescu<br \/>\nCoordonare editorial\u0103: Alina-Nicoleta Ioan<br \/>\nTraducere: Doru Mare\u0219, Ioana-Marta Mure\u0219an<br \/>\nLector: Gabriela Riegler<br \/>\nRedactare: Iuliana Miu<br \/>\nContabilitate: Violeta V\u00e2rjoghe, Ina Mare\u0219, Ana-Claudia Cencu<br \/>\nDepartamentul Administrativ: Emil Doicescu<\/p>","protected":false},"excerpt":{"rendered":"<p>Expozi\u021bie eveniment | Eli Lotar (1905 &#8211; 1969) 18 aprilie \u2013 14 iulie 2019 | Muzeul Colec\u021biilor de Art\u0103 (Calea&#8230;<\/p>","protected":false},"author":8,"featured_media":8496,"comment_status":"closed","ping_status":"closed","sticky":false,"template":"","format":"standard","meta":{"_exactmetrics_skip_tracking":false,"_exactmetrics_sitenote_active":false,"_exactmetrics_sitenote_note":"","_exactmetrics_sitenote_category":0,"footnotes":""},"categories":[9,35],"tags":[],"class_list":["post-8351","post","type-post","status-publish","format-standard","has-post-thumbnail","hentry","category-evenimente","category-expozitii-internationale"],"_links":{"self":[{"href":"https:\/\/mnlr.ro\/en\/wp-json\/wp\/v2\/posts\/8351","targetHints":{"allow":["GET"]}}],"collection":[{"href":"https:\/\/mnlr.ro\/en\/wp-json\/wp\/v2\/posts"}],"about":[{"href":"https:\/\/mnlr.ro\/en\/wp-json\/wp\/v2\/types\/post"}],"author":[{"embeddable":true,"href":"https:\/\/mnlr.ro\/en\/wp-json\/wp\/v2\/users\/8"}],"replies":[{"embeddable":true,"href":"https:\/\/mnlr.ro\/en\/wp-json\/wp\/v2\/comments?post=8351"}],"version-history":[{"count":6,"href":"https:\/\/mnlr.ro\/en\/wp-json\/wp\/v2\/posts\/8351\/revisions"}],"predecessor-version":[{"id":8495,"href":"https:\/\/mnlr.ro\/en\/wp-json\/wp\/v2\/posts\/8351\/revisions\/8495"}],"wp:featuredmedia":[{"embeddable":true,"href":"https:\/\/mnlr.ro\/en\/wp-json\/wp\/v2\/media\/8496"}],"wp:attachment":[{"href":"https:\/\/mnlr.ro\/en\/wp-json\/wp\/v2\/media?parent=8351"}],"wp:term":[{"taxonomy":"category","embeddable":true,"href":"https:\/\/mnlr.ro\/en\/wp-json\/wp\/v2\/categories?post=8351"},{"taxonomy":"post_tag","embeddable":true,"href":"https:\/\/mnlr.ro\/en\/wp-json\/wp\/v2\/tags?post=8351"}],"curies":[{"name":"wp","href":"https:\/\/api.w.org\/{rel}","templated":true}]}}