{"id":8356,"date":"2019-03-26T09:10:08","date_gmt":"2019-03-26T07:10:08","guid":{"rendered":"http:\/\/mnlr.ro\/?p=8356"},"modified":"2019-03-26T13:29:38","modified_gmt":"2019-03-26T11:29:38","slug":"yorick-ul-nemirei-la-10-ani-la-cafeneaua-critica","status":"publish","type":"post","link":"https:\/\/mnlr.ro\/en\/yorick-ul-nemirei-la-10-ani-la-cafeneaua-critica\/","title":{"rendered":"Yorick-ul Nemirei la 10 ani,\u00a0la Cafeneaua critic\u0103!"},"content":{"rendered":"<p><em><strong>(la MNLR<\/strong><\/em><em><strong>&#8211;<\/strong><\/em><em><strong>Cre\u0163ulescu, joi<\/strong><\/em><strong>\u00a028 martie 2019)<\/strong><\/p>\n<p><em>Se \u00eemplinesc 10 ani de la fondarea, \u00een \u2013 deci \u2013 2009, a revistei\u00a0on-line<\/em><em>\u00a0de teatru\u00a0<strong>Yorick<\/strong>\u00a0a Editurii Nemira, la ini\u0163iativa lui Valentin Nicolau, regretatul fondator al editurii (\u00eentre timp stins tragic din via\u0163\u0103, \u00een ianuarie 2015, la 54 de ani). El \u00eensu\u015fi pasionat de teatru, dramaturg, pe l\u00eeng\u0103 prozele \u015fi eseurile pe care de asemenea le-a scris, Valentin Nicolau a decis s\u0103 consacre artei scenice un compartiment editorial special \u015fi o revist\u0103\u00a0on-line<\/em><em>. Colec\u0163ia de carte, intitulat\u0103 tot \u201eYorick\u201d, deosebit de elegant\u0103, \u015fi alte apari\u0163ii complementare au oferit publicului \u015fi profesioni\u015ftilor un set consistent de volume de istorie \u015fi teorie a teatrului, precum \u015fi valoroase m\u0103rturii ale unor mari arti\u015fti str\u0103ini \u015fi rom\u00e2ni. Iar revista, de fapt un mega-site<\/em><em>\u00a0dedicat, un \u201eportal\u201d bogat, amplu ramificat, a devenit principalul reper mediatic al domeniului, alimentat continuu cu informa\u0163ii, interviuri, cronici \u015fi alte tipuri de comentarii, vitale pentru documentarea \u015fi \u00een\u0163elegerea fenomenului teatral autohton al acestui deceniu \u015fi, gra\u0163ie privirilor retrospective, \u00eentregii istorii scenice na\u0163ionale, de la \u00eenceputuri p\u00een\u0103 azi.<\/em><\/p>\n<p><em>De la bun \u00eenceput, de organizarea \u015fi coordonarea\u00a0<strong>Yorick<\/strong>-ului Nemirei s-a ocupat\u00a0Monica Andronescu, invitat\u0103 s\u0103 preia rolul de redactori\u0163\u0103-\u015fef\u0103. Continu\u0103 s\u0103-l joace \u015fi ast\u0103zi! Din echipa redac\u0163ional\u0103 actual\u0103, stabilizat\u0103 \u00een ultima vreme, dup\u0103 etape \u00een care \u015fi-au adus contribu\u0163iile \u015fi alte colege, \u015fi al\u0163i colegi, mai fac parte Dana Ionescu, Maria Z\u0103rnescu, Alina Ep\u00eengeac.<\/em><\/p>\n<p><em>Despre cei 10 ani ai proiectului\u00a0<strong>Yorick<\/strong>\u00a0de la Nemira<\/em>, revist\u0103 de teatru \u015fi colec\u0163ie de c\u0103r\u0163i dedicate artelor spectacolului, va fi vorba la edi\u0163ia\u00a0<strong>Yorick<\/strong>\u00a0a\u00a0<strong>Cafenelei critice<\/strong><em>*<\/em>.<\/p>\n<p>Particip\u0103: Ana-Maria Nicolau (directoare general\u0103 a Nemirei, continuatoare a operei editoriale a tat\u0103lui s\u0103u), Monica Andronescu,<em>\u00a0Dana Ionescu, Maria Z\u0103rnescu, Alina Ep\u00eengeac<\/em>, colaboratori\u00a0<em><strong>Yorick<\/strong><\/em><em>, creatori \u015fi critici de teatru.<\/em><br \/>\nAmfitrion: Ion Bogdan Lefter.<\/p>\n<p><strong>Cafeneaua critic\u0103<\/strong>, proiect de dezbateri culturale pe teme de actualitate, desf\u0103\u015furat \u00een 1994-1998, \u00een cafeneaua Facult\u0103\u0163ii de Litere a Universit\u0103\u0163ii din Bucure\u015fti, \u015fi dup\u0103 2008, \u00een diverse cluburi din Capital\u0103, este g\u0103zduit\u0103 actualmente de\u00a0<em>Muzeul Na\u0163ional al Literaturii Rom\u00e2ne din Bucure\u015fti (sediul din Strada Nicolae Cre\u0163ulescu)**.<\/em><\/p>\n<p>*<\/p>\n<p><strong>Cafeneaua critic\u0103<\/strong><br \/>\nJoi 28 martie\u00a02019, orele 19.00-21.30<br \/>\n<em>Muzeul Na\u0163ional al Literaturii Rom\u00e2ne din Bucure\u015fti\/ MNLR<\/em><br \/>\nStr. Nicolae Cre\u0163ulescu nr. 8\u00a0(\u00een spatele Bisericii Albe de pe Calea Victoriei \u015fi \u00een spatele UNITER)<br \/>\nContact: 0731-00.30.22 (Andreea Dr\u0103ghicescu\/ MNLR); 0737-210.978 (Paul Radu\/ Cafeneaua critic\u0103)<\/p>\n<p>_______________<\/p>\n<p>* Vezi \u015fi\u00a0<a href=\"https:\/\/mnlr.us16.list-manage.com\/track\/click?u=9d8daeb9344f52fc116dbbc7b&amp;id=eba1f4c4e6&amp;e=ad50adfd9e\" target=\"_blank\" rel=\"noopener\" data-saferedirecturl=\"https:\/\/www.google.com\/url?q=https:\/\/mnlr.us16.list-manage.com\/track\/click?u%3D9d8daeb9344f52fc116dbbc7b%26id%3Deba1f4c4e6%26e%3Dad50adfd9e&amp;source=gmail&amp;ust=1553682861411000&amp;usg=AFQjCNFotTz7vUV8no-imFq_XtHpyENsPQ\">www.yorick.ro<\/a>.<br \/>\n** Invita\u0163ii \u201estagiunii\u201d 2018-2019 \u015fi participan\u0163ii la discu\u0163ii: Ioan Cristescu, Mireille R\u0103doi, Adina Berciu-Dr\u0103ghicescu, Dan Gulea, Mircea Tiberian (Centenar neconven\u0163ional: perspectiva feminist\u0103, scriitorii c\u0103zu\u0163i, cantata Tiberian) (edi\u0163ia a 227-a); Ion Pop \u015fi Constantin Ab\u0103lu\u0163\u0103, Iulian B\u0103icu\u015f, Ana Blandiana, Mircea Martin, Simona Popescu, Ion Simu\u0163 (despre Poezia rom\u00e2neasc\u0103 neomodernist\u0103) (edi\u0163ia a 228-a); amfitrionul \u015fi Vlad A. Arghir, Ioan Iacob, Paul Radu, Ramona T\u0103nase, plus veselie &amp; antren (10 ani de\u00a0<strong>Cafenele critice<\/strong>, seria a 2-a) (edi\u0163ia a 229-a); Dorin \u015etefan \u015fi Elsa Exarhu, Petru G\u00eenj, Gabriela Massaci, Matei St\u00eercea-Cr\u0103ciun, Anda \u015etefan (edi\u0163ia a 230-a); Anca Boeriu, Andreea Sandu, Ilina Schileru, Octavin Neculai,\u00a0Vl\u0103du\u0163\u00a0Mavriche,\u00a0<wbr \/>Andreea Dr\u0103ghicescu \u015fi Adrian Branea, Robert-Nicolae Moreanu (despre\u00a0<em>proiectul<strong>Arta la intrare<\/strong><\/em>) (edi\u0163ia a 231-a); Mircea Florian, Drago\u015f Andriana, Andrei Dinescu, Florin Manca\/ Daath Yug, C\u0103t\u0103lin R\u0103dulescu\/ Tzetze, Lucian Stan\/ DJ Vasile (trupa lui FloriMan), Alexandru Unguru, Mi\u015fa \u015eerban, Alin State (echipa spectacolului\u00a0<strong>Doi \u015fi un tulnic<\/strong>, regia: Alexandru Unguru, scenografia: Cristian St\u0103noiu), Oana Sav (Uniunea Mun\u0163ii Apuseni) (\u00cent\u00eelnirea anual\u0103 a \u015ecolii de tulnice\/ Funda\u0163ia Mircea Florian\/ MotzArt\/ Uniunea Mun\u0163ii Apuseni) (edi\u0163ia a 232-a);\u00a0<em>Ioan Iacob, Mircea Roman, Aurel Vlad,\u00a0\u00a0Florentina Voichi, Iulia<\/em>\u00a0Deme,\u00a0Raluca B\u0103loiu<em>\u00a0\u015fi Constantin Ab\u0103lu\u0163\u0103\u00a0<\/em>(despre proiectul\u00a0<strong>FIG<\/strong>\/\u00a0<em>expozi\u0163ia\u00a0<strong>Afini<wbr \/>t\u0103\u0163i elective<\/strong>\u00a0\u2013\u00a0<strong>FIG 3<\/strong><\/em>, la Galeriile Carol)\u00a0(edi\u0163ia a 233-a); Nora Iuga, Constantin Ab\u0103lu\u0163\u0103 \u015fi Mircea Anghelescu, Mihaela Miroiu, Stelian Stativ\u0103, Aurel Vlad (Nora Iuga \u2013 88, Constantin Ab\u0103lu\u0163\u0103 \u2013 80) (edi\u0163ia a 234-a); Mircia Dumitrescu \u015fi ZuZu Carat\u0103nase, Aurel Vlad (edi\u0163ia a 235-a); Gabriela Adame\u015fteanu \u015fi Mircea Alexandrescu, Adrian Branea, Ioana Ieronim, Radu Petrescu-Muscel (edi\u0163ia a 236-a);\u00a0<em>George Mih\u0103i\u0163\u0103 \u015fi Adreia B\u00eersan<\/em>, Corina Constantinescu<em>,\u00a0<\/em>Ioan Cristescu, Doina Papp (edi\u0163ia a 237-a); Cosmin N\u0103sui, Cristi Farca\u015f, Maria Cornea, Gabriela Culic, Andreea Gheorghiu, Mirela Hagiu, Magda Is\u0103cescu, Corina Perianu, Iris Bianca Teodorescu, Carmen V\u0103ideanu, Liviu Gavrilescu, Puiu Patzelt, Doina M\u00eendru, Cristian Vasile (despre proiectul \u015fi expozi\u0163ia\u00a0<strong>Women Power in Art<\/strong>) (edi\u0163ia a 238-a); Mircea Regneal\u0103, acad. Florin Filip, Voichi\u0163a Dragomir, Corina Apostoleanu, Laura Rudeanu, Elena T\u00eerziman, Ionel Enache \u015fi Mircea Anghelescu, Mihai Constantinescu, Robert Coravu, Mihaela Dragu, Octavian Gordon, Bogdan Jug\u0103naru, Claudia Lungu, Radu Petrescu-C\u00eempulung, Mihaela Racovi\u0163eanu, Claudia \u015eerb\u0103nu\u0163\u0103 (despre situa\u0163ia bibliotecilor) (edi\u0163ia a 239-a);\u00a0<em>William Totok, Werner Kremm \u015fi Mariana Duliu, Aurora Fabritius,<\/em>\u00a0Vasile Gribincea, Claude Karnoouh, Tudor Lavric, Gruia Novac (despre Franz Xaver Kappus) (edi\u0163ia a 240-a, la Casa de cultur\u0103 \u201eFriedrich Schiller\u201d);\u00a0<em>Roxana Trestioreanu \u015fi Irina Cios (curatoarea expozi\u0163iei<strong>\u00a0Et Dieu&#8230; cr\u00e9a la femme<\/strong>, Galeria AnnArt), Oana Bratiloveanu \u015fi Gabriela Massaci (proprietara, respectiv directoarea galeriei), Constantin Ab\u0103lu\u0163\u0103, Ruxandra Dreptu, Claude Karnoouh, Iosif Kir\u00e1ly, Petru Lucaci, Olivia Ni\u0163i\u015f, Romelo Pervolovici, Doina Talmann (despre expozi\u0163ia Roxanei Trestioreanu<strong>\u00a0Et Dieu&#8230; cr\u00e9a la femme<\/strong>, Galeria AnnArt)\u00a0<\/em>(edi\u0163ia a 241-a).<\/p>","protected":false},"excerpt":{"rendered":"<p>(la MNLR&#8211;Cre\u0163ulescu, joi\u00a028 martie 2019) Se \u00eemplinesc 10 ani de la fondarea, \u00een \u2013 deci \u2013 2009, a revistei\u00a0on-line\u00a0de teatru\u00a0Yorick\u00a0a&#8230;<\/p>","protected":false},"author":8,"featured_media":8357,"comment_status":"closed","ping_status":"closed","sticky":false,"template":"","format":"standard","meta":{"_exactmetrics_skip_tracking":false,"_exactmetrics_sitenote_active":false,"_exactmetrics_sitenote_note":"","_exactmetrics_sitenote_category":0,"footnotes":""},"categories":[21],"tags":[],"class_list":["post-8356","post","type-post","status-publish","format-standard","has-post-thumbnail","hentry","category-lansari-de-carte"],"_links":{"self":[{"href":"https:\/\/mnlr.ro\/en\/wp-json\/wp\/v2\/posts\/8356","targetHints":{"allow":["GET"]}}],"collection":[{"href":"https:\/\/mnlr.ro\/en\/wp-json\/wp\/v2\/posts"}],"about":[{"href":"https:\/\/mnlr.ro\/en\/wp-json\/wp\/v2\/types\/post"}],"author":[{"embeddable":true,"href":"https:\/\/mnlr.ro\/en\/wp-json\/wp\/v2\/users\/8"}],"replies":[{"embeddable":true,"href":"https:\/\/mnlr.ro\/en\/wp-json\/wp\/v2\/comments?post=8356"}],"version-history":[{"count":1,"href":"https:\/\/mnlr.ro\/en\/wp-json\/wp\/v2\/posts\/8356\/revisions"}],"predecessor-version":[{"id":8358,"href":"https:\/\/mnlr.ro\/en\/wp-json\/wp\/v2\/posts\/8356\/revisions\/8358"}],"wp:featuredmedia":[{"embeddable":true,"href":"https:\/\/mnlr.ro\/en\/wp-json\/wp\/v2\/media\/8357"}],"wp:attachment":[{"href":"https:\/\/mnlr.ro\/en\/wp-json\/wp\/v2\/media?parent=8356"}],"wp:term":[{"taxonomy":"category","embeddable":true,"href":"https:\/\/mnlr.ro\/en\/wp-json\/wp\/v2\/categories?post=8356"},{"taxonomy":"post_tag","embeddable":true,"href":"https:\/\/mnlr.ro\/en\/wp-json\/wp\/v2\/tags?post=8356"}],"curies":[{"name":"wp","href":"https:\/\/api.w.org\/{rel}","templated":true}]}}