{"id":8646,"date":"2019-05-06T13:30:36","date_gmt":"2019-05-06T10:30:36","guid":{"rendered":"http:\/\/mnlr.ro\/?p=8646"},"modified":"2019-05-06T13:30:36","modified_gmt":"2019-05-06T10:30:36","slug":"lansare-album-dana-florian-natural","status":"publish","type":"post","link":"https:\/\/mnlr.ro\/en\/lansare-album-dana-florian-natural\/","title":{"rendered":"Lansare album Dana Florian \u2013 NATURAL"},"content":{"rendered":"<p><strong>Muzeul Na\u021bional al Literaturii Rom\u00e2ne v\u0103 invit\u0103 la lansarea albumului NATURAL semnat Dana Florian, care va avea loc luni, 20 mai 2019, de la ora 19.00, \u00een Gr\u0103dina MNLR, Str. Nicolae Cre\u021bulescu nr. 8 (\u00een spatele Bisericii Albe).<\/strong><\/p>\n<p>Dana Florian este cantautoare, instrumentist\u0103, compozitoare \u0219i poet\u0103. Abordeaz\u0103 cu prec\u0103dere genurile muzicale folk, jazz \u0219i pop. C\u0103ut\u0103toare de comori pentru suflet, Dana Florian c\u00e2nt\u0103 despre firescul cotidian, de la tr\u0103irile cele mai profunde p\u00e2n\u0103 la lucrurile nostime, de la jocul serios al umorului, la adev\u0103rul frumosului \u0219i da, chiar \u0219i mai ales la adev\u0103rul minciunii, cu alte cuvinte, atitudine folk, chiar \u0219i atunci c\u00e2nd nu c\u00e2nt\u0103\u2026 \u201efolk\u201d.<\/p>\n<p>Visul albumului a existat dintotdeauna. Primul c\u00e2ntec \u00een studio a fost \u00eenregistrat \u00een 2014, iar discu\u021biile concrete despre album au venit doi ani mai t\u00e2rziu. Toate \u00eenregistr\u0103rile au fost concepute la AudioGate Studios, cu Mircea Iliescu aranjor orchestral \u0219i Mircea Presel cu mix \u0219i mastering. Cele 11 compozi\u021bii\u00a0 vorbesc natural despre via\u021b\u0103 \u0219i nu numai. Nou\u0103 dintre piese sunt compuse pe versurile proprii, textul piesei \u201eTe iubesc\u201d este semnat de poeta Maria Simion, iar \u201eOrnic de piatr\u0103\u201d are nu numai cuvintele m\u0103iastre ale lui Ciprian Chirvasiu, dar \u0219i excep\u021bionala lui gl\u0103suire. Pe l\u00e2ng\u0103 toate instrumentele pe care Dana Florian le-a pus \u00een mi\u0219care al\u0103turi de Mircea Iliescu, vioara Elenei Albu o \u00eenso\u021be\u0219te\u00a0 \u00een \u201eBalada \u00een I Major\u201d.<\/p>\n<p>Dana Florian c\u00e2nt\u0103 \u0219i compune de c\u00e2nd se \u0219tie, \u00eens\u0103 \u00een liceu a f\u0103cut cuno\u0219tin\u021b\u0103 cu prima ei chitar\u0103 \u0219i pe b\u0103ncile Gr\u0103dinei Icoanei din fa\u021ba Teatrului Bulandra a dat via\u021b\u0103 multor c\u00e2ntece folk. Cu entuziasmul adolescentei \u00eendr\u0103gostite de muzica lui Joan Baez, spectacolele lui Mo\u021bu Pitti\u0219, Andrie\u0219, Alifantis \u0219i fetele de la Ecou, s-a prins \u00een jocul folkului \u0219i \u00een 1990 a debutat la prima editie a Festivalului \u201eOm bun\u201d. A continuat s\u0103 studieze pianul la \u0218coala Popular\u0103 de Art\u0103 \u0219i s\u0103 compun\u0103 muzic\u0103 \u0219i poezie pentru sufletul ei. Dup\u0103 c\u00e2\u021biva ani s-a n\u0103scut \u201eC\u0103rare \u00een doi\u201d,\u00a0 pe care \u0219i-a dorit s\u0103-l \u00eemp\u0103rt\u0103\u0219easc\u0103 oamenilor. L-a \u00eenregistrat \u00een studio, l-a pus online \u0219i c\u0103rarea a dus-o, pas cu pas, c\u0103tre scen\u0103.<\/p>\n<p>\u00cen 2015, la Festivalul Castanilor de la Ploie\u0219ti, c\u00e2ntecul-m\u0103rturisire \u201eDac\u0103 ast\u0103zi ar fi\u201d a primit premiul \u201eGabi Dobre\u201d. \u00cen 2016, c\u00e2ntecul \u201eMe\u0219terul Ana\u201d, pe versurile poetului Ciprian Chirvasiu, a fost r\u0103spl\u0103tit cu premiul \u201eCea mai frumoas\u0103 poezie c\u00e2ntat\u0103\u201d la Festivalul \u201eChitara Dun\u0103rii\u201d \u0219i cu premiul special al sponsorului la Festivalul Castanilor.\u00a0 \u00cen mai 2016 a \u00eenf\u0103ptuit\u00a0 \u201ePoveste cu tata\u201d,\u00a0 primul single \u00eenzestrat cu un videoclip &#8211; un c\u00e2ntec-manifest despre rela\u021bia dintre genera\u021bii.<\/p>\n<p>Intrarea este liber\u0103, \u00een limita locurilor disponibile.<\/p>\n<p>V\u0103 a\u0219tept\u0103m cu drag!<\/p>","protected":false},"excerpt":{"rendered":"<p>Muzeul Na\u021bional al Literaturii Rom\u00e2ne v\u0103 invit\u0103 la lansarea albumului NATURAL semnat Dana Florian, care va avea loc luni, 20&#8230;<\/p>","protected":false},"author":8,"featured_media":8647,"comment_status":"closed","ping_status":"closed","sticky":false,"template":"","format":"standard","meta":{"_exactmetrics_skip_tracking":false,"_exactmetrics_sitenote_active":false,"_exactmetrics_sitenote_note":"","_exactmetrics_sitenote_category":0,"footnotes":""},"categories":[27,9],"tags":[],"class_list":["post-8646","post","type-post","status-publish","format-standard","has-post-thumbnail","hentry","category-concerte-de-muzica","category-evenimente"],"_links":{"self":[{"href":"https:\/\/mnlr.ro\/en\/wp-json\/wp\/v2\/posts\/8646","targetHints":{"allow":["GET"]}}],"collection":[{"href":"https:\/\/mnlr.ro\/en\/wp-json\/wp\/v2\/posts"}],"about":[{"href":"https:\/\/mnlr.ro\/en\/wp-json\/wp\/v2\/types\/post"}],"author":[{"embeddable":true,"href":"https:\/\/mnlr.ro\/en\/wp-json\/wp\/v2\/users\/8"}],"replies":[{"embeddable":true,"href":"https:\/\/mnlr.ro\/en\/wp-json\/wp\/v2\/comments?post=8646"}],"version-history":[{"count":1,"href":"https:\/\/mnlr.ro\/en\/wp-json\/wp\/v2\/posts\/8646\/revisions"}],"predecessor-version":[{"id":8648,"href":"https:\/\/mnlr.ro\/en\/wp-json\/wp\/v2\/posts\/8646\/revisions\/8648"}],"wp:featuredmedia":[{"embeddable":true,"href":"https:\/\/mnlr.ro\/en\/wp-json\/wp\/v2\/media\/8647"}],"wp:attachment":[{"href":"https:\/\/mnlr.ro\/en\/wp-json\/wp\/v2\/media?parent=8646"}],"wp:term":[{"taxonomy":"category","embeddable":true,"href":"https:\/\/mnlr.ro\/en\/wp-json\/wp\/v2\/categories?post=8646"},{"taxonomy":"post_tag","embeddable":true,"href":"https:\/\/mnlr.ro\/en\/wp-json\/wp\/v2\/tags?post=8646"}],"curies":[{"name":"wp","href":"https:\/\/api.w.org\/{rel}","templated":true}]}}