{"id":9170,"date":"2019-06-25T14:50:58","date_gmt":"2019-06-25T11:50:58","guid":{"rendered":"http:\/\/mnlr.ro\/?p=9170"},"modified":"2019-06-25T14:50:58","modified_gmt":"2019-06-25T11:50:58","slug":"pianul-cu-poeme-recital-de-muzica-si-poezie","status":"publish","type":"post","link":"https:\/\/mnlr.ro\/en\/pianul-cu-poeme-recital-de-muzica-si-poezie\/","title":{"rendered":"\u201ePianul cu poeme\u201d | Recital de muzic\u0103 \u0219i poezie"},"content":{"rendered":"<p><strong>Vineri, 5 iulie 2019, de la ora 19.00, la sediul din Str. Nicolae Cre\u021bulescu nr. 8, Muzeul Na\u021bional al Literaturii Rom\u00e2ne v\u0103 invit\u0103 la \u201ePianul cu poeme\u201d, un recital de muzic\u0103 \u0219i poezie de dragoste sus\u021binut de actri\u021ba Daniela Nane \u0219i pianista Ioana Maria Lupa\u0219cu.<\/strong><\/p>\n<p>Din 2010, \u201ePianul cu poeme\u201d a fost reprezentat de zeci de ori \u00een \u021bar\u0103 \u0219i \u00een str\u0103in\u0103tate, pe scene importante ale teatrelor \u0219i filarmonicilor, inclusiv la Ateneul Rom\u00e2n. Publicul reac\u021bioneaz\u0103 spectaculos peste tot, pentru c\u0103 recitalul este cl\u0103dit cu maiestrie \u0219i interpretat cu emo\u021bie \u0219i virtuozitate, astfel\u00a0 \u00eenc\u00e2t s\u0103 declan\u0219eze catharsisul. Pianul conduce publicul pe note muzicale semnate de mari compozitori romani sau \u00eenc\u00e2nt\u0103 cu prelucr\u0103ri folclorice inedite. Poezia porne\u0219te de la dragostea adolescentin\u0103, trec\u00e2nd prin diferitele ipostaze ale iubirii, p\u00e2n\u0103 la reg\u0103sirea sufleteasc\u0103 \u00een deplin\u0103 iubire necondi\u021bionat\u0103. Recitalul ridic\u0103 energia pies\u0103 dupa pies\u0103, construind din momente impetuoase \u0219i impresionante prin sensibilitate sau for\u021b\u0103.<\/p>\n<p>\u201ePianul cu poeme\u201d este un recital de calitate, care corespunde unor standarde \u00eenalte \u0219i pe care oamenii ar fi \u00eenc\u00e2nta\u021bi s\u0103 \u00eel primeasc\u0103 \u00een dar \u00een orice col\u021b al lumii. A fost reprezentat \u00een spa\u021bii diverse: la Ateneul Rom\u00e2n, \u00een splendide s\u0103li din palate (Palatul Cercului Militar, Palazzo Milano, Palatul Mogo\u0219oaia, Castelul Micl\u0103u\u0219eni), \u00een Filarmonici (Ploie\u0219ti, Bra\u0219ov, Craiova, Pite\u0219ti, Rm. V\u00e2lcea \u0219.a.), la Oper\u0103 (Opera Na\u021bional\u0103 Bucure\u0219ti, \u00een Festivalul Mozart la Opera din Bra\u0219ov, la Opera Comic\u0103 pentru copii), dar \u0219i \u00een s\u0103li intime (Muzeul Unirii din Ia\u0219i, Conacul Manasia, Muzeul Prim\u0103verii) sau s\u0103li de spectacol cu peste 400 de locuri ocupate (Piatra Neam\u021b, Slatina, Bistri\u021ba).<\/p>\n<p>Daniela Nane este actri\u021b\u0103 a Teatrului Bulandra din 1995 \u0219i are o carier\u0103 artistic\u0103 solid\u0103, cu roluri diverse \u0219i complexe, juc\u00e2nd \u00een peste 50 de spectacole de teatru \u0219i filme de lung metraj \u0219i de televiziune, lucr\u00e2nd cu mul\u021bi regizori importan\u021bi si actori de renume: Andrei \u0218erban, Alexandru Darie, Hora\u021biu M\u0103l\u0103ele, Gerard Depardieu, Harvey Keitel, sir Ben Kingsley. S-a apropiat de poezie \u00een adolescen\u021b\u0103, c\u00e2nd asculta cu admira\u021bie versurile rostite de George Vraca sau Florian Pitti\u0219 \u0219i c\u00e2nd a \u00eenceput, timid, s\u0103 recite primele poeme. La un \u00eenalt nivel de performan\u021b\u0103 artistic\u0103, \u201ePianul cu poeme\u201d \u00eei d\u0103 \u0219ansa de a d\u0103rui oamenilor clipe de emo\u021bie \u0219i de reg\u0103sire, care s\u0103 le reaminteasc\u0103 de noble\u021bea din suflete.<\/p>\n<p>Pianist concertist, solist\u0103 a Filarmonicii Paul Constantinescu Ploie\u0219ti din 2007, Ioana Maria Lupa\u0219cu a fost denumit\u0103 de pres\u0103 &#8222;o for\u021b\u0103 a tinerei genera\u021bii&#8221; \u0219i tot presa nota &#8222;Via\u021ba intens\u0103 pe care \u0219tie a o reda este secretul artei superior construite a pianistei&#8221;. Student\u0103 a marelui pianist rus LAZAR BERMAN, \u00een Italia , care spunea despre ea c\u0103 are &#8222;imense posibilit\u0103\u021bi tehnice \u0219i artistice&#8221;,\u00a0 c\u00e2nt\u0103 cu toate orchestrele filarmonice na\u021bionale \u0219i colaboreaz\u0103 cu mari muzicieni ca\u00a0 Tiberiu Soare, Ionescu-Gala\u021bi, Theo Wolters, Gottfried Rabl, Sabin Pautza. A concertat \u00een toat\u0103 Europa,\u00a0 a lansat dou\u0103 CD-uri\u00a0 \u0219i compozitori contemporani \u00eei dedic\u0103 lucr\u0103ri \u00een prim\u0103 audi\u021bie. Colaboreaz\u0103 adesea cu lumea teatrului particip\u00e2nd \u00een diverse spectacole al\u0103turi de Ion Caramitru, George Banu, Piotr Adamczyck, Richard McCabe, William Nadylam.<\/p>\n<p>Intrarea este liber\u0103. V\u0103 a\u0219tept\u0103m cu drag!<\/p>","protected":false},"excerpt":{"rendered":"<p>Vineri, 5 iulie 2019, de la ora 19.00, la sediul din Str. Nicolae Cre\u021bulescu nr. 8, Muzeul Na\u021bional al Literaturii&#8230;<\/p>","protected":false},"author":8,"featured_media":9171,"comment_status":"closed","ping_status":"closed","sticky":false,"template":"","format":"standard","meta":{"_exactmetrics_skip_tracking":false,"_exactmetrics_sitenote_active":false,"_exactmetrics_sitenote_note":"","_exactmetrics_sitenote_category":0,"footnotes":""},"categories":[9],"tags":[],"class_list":["post-9170","post","type-post","status-publish","format-standard","has-post-thumbnail","hentry","category-evenimente"],"_links":{"self":[{"href":"https:\/\/mnlr.ro\/en\/wp-json\/wp\/v2\/posts\/9170","targetHints":{"allow":["GET"]}}],"collection":[{"href":"https:\/\/mnlr.ro\/en\/wp-json\/wp\/v2\/posts"}],"about":[{"href":"https:\/\/mnlr.ro\/en\/wp-json\/wp\/v2\/types\/post"}],"author":[{"embeddable":true,"href":"https:\/\/mnlr.ro\/en\/wp-json\/wp\/v2\/users\/8"}],"replies":[{"embeddable":true,"href":"https:\/\/mnlr.ro\/en\/wp-json\/wp\/v2\/comments?post=9170"}],"version-history":[{"count":1,"href":"https:\/\/mnlr.ro\/en\/wp-json\/wp\/v2\/posts\/9170\/revisions"}],"predecessor-version":[{"id":9172,"href":"https:\/\/mnlr.ro\/en\/wp-json\/wp\/v2\/posts\/9170\/revisions\/9172"}],"wp:featuredmedia":[{"embeddable":true,"href":"https:\/\/mnlr.ro\/en\/wp-json\/wp\/v2\/media\/9171"}],"wp:attachment":[{"href":"https:\/\/mnlr.ro\/en\/wp-json\/wp\/v2\/media?parent=9170"}],"wp:term":[{"taxonomy":"category","embeddable":true,"href":"https:\/\/mnlr.ro\/en\/wp-json\/wp\/v2\/categories?post=9170"},{"taxonomy":"post_tag","embeddable":true,"href":"https:\/\/mnlr.ro\/en\/wp-json\/wp\/v2\/tags?post=9170"}],"curies":[{"name":"wp","href":"https:\/\/api.w.org\/{rel}","templated":true}]}}