{"id":9366,"date":"2019-07-25T14:35:07","date_gmt":"2019-07-25T11:35:07","guid":{"rendered":"http:\/\/mnlr.ro\/?p=9366"},"modified":"2019-07-25T14:35:32","modified_gmt":"2019-07-25T11:35:32","slug":"festivalul-gellu-naum-editia-a-iv-a","status":"publish","type":"post","link":"https:\/\/mnlr.ro\/en\/festivalul-gellu-naum-editia-a-iv-a\/","title":{"rendered":"Festivalul \u201eGellu Naum\u201d | Edi\u021bia a IV-a"},"content":{"rendered":"<p><strong>Joi, 1 august 2018, ora 17.00, Muzeul Na\u021bional al Literaturii Rom\u00e2ne din Bucure\u0219ti, \u00een parteneriat cu Funda\u021bia \u201eGellu Naum\u201d, v\u0103 invit\u0103 \u00een Gr\u0103dina MNLR (Str. Nicolae Cretulescu 8) la cea de-a patra edi\u021bie a Festivalului Gellu Naum, pentru a marca \u00eemplinirea a 104 de ani de la na\u0219terea scriitorului Gellu Naum.<br \/>\n<\/strong><br \/>\nPrin masa rotund\u0103 \u201eGellu Naum &#8211; perspective critice\u201d \u0219i seara de poezie \u0219i jazz organizate cu acest prilej, ne propunem realizarea unui dialog \u00eentre spa\u021bii \u0219i timpuri de crea\u021bie diferite \u0219i, totodat\u0103, suprapuse, cu scopul valorific\u0103rii patrimoniului literaturii rom\u00e2ne \u0219i a culturii scrise recente. Gazdele evenimentelor vor fi Simona Popescu, Marieva Ionescu, Florin Balotescu.<\/p>\n<p><strong>PROGRAM:<\/strong><br \/>\n17.00: MASA ROTUND\u0102 \u201eGellu Naum &#8211; perspective critice\u201d<br \/>\nInvita\u021bi: Ion Pop, Mircea Anghelescu, Dan Gulea, George Neagoe<br \/>\nModeratori: Marieva Ionescu \u0219i Florin Balotescu<\/p>\n<p>19.00: SEAR\u0102 DE POEZIE \u0218I MUZIC\u0102<br \/>\nMuzic\u0103: Mircea Tiberian &amp; Ion Bogdan \u0218tef\u0103nescu<br \/>\nInvita\u021bi: Valentina Chiri\u021b\u0103 (val chimic), Andrew Davidson-Novosivschei, Andrei D\u00f3sa, Andrei Gamar\u021b, Ioan Es. Pop, Ion Pop, Sebastian Reichmann, Dan Sociu, Dan Stanciu, Grete Tartler, Alexandra Turcu, R\u0103zvan \u021aupa<br \/>\nModerator: Simona Popescu<\/p>\n<p>PROIEC\u021aIE VIDEOPOEZIE<br \/>\nVideopoeme de<br \/>\nAna Soviany\/ Alexandra Domi\u021bian<br \/>\nAna Costache\/ Eliza Lupu<br \/>\nCorina Toader\/ Mad\u0103lin Drago\u0219 Popa<br \/>\nIsabella Andreea Tatoi\/ Mircea Hristescu<br \/>\nOzana Sec\u0103reanu\/ Tudor Petrescu<br \/>\nBianca P\u0103ule\u021b\/ Irina R\u0103dulescu<br \/>\nM\u0103d\u0103lina Gheorghe\/ Romina Banu<\/p>\n<p>Intrare liber\u0103, \u00een limita locurilor disponibile.<\/p>","protected":false},"excerpt":{"rendered":"<p>Joi, 1 august 2018, ora 17.00, Muzeul Na\u021bional al Literaturii Rom\u00e2ne din Bucure\u0219ti, \u00een parteneriat cu Funda\u021bia \u201eGellu Naum\u201d, v\u0103&#8230;<\/p>","protected":false},"author":8,"featured_media":9367,"comment_status":"closed","ping_status":"closed","sticky":false,"template":"","format":"standard","meta":{"_exactmetrics_skip_tracking":false,"_exactmetrics_sitenote_active":false,"_exactmetrics_sitenote_note":"","_exactmetrics_sitenote_category":0,"footnotes":""},"categories":[23,9,8],"tags":[],"class_list":["post-9366","post","type-post","status-publish","format-standard","has-post-thumbnail","hentry","category-aniversari-si-evocari","category-evenimente","category-recomandari"],"_links":{"self":[{"href":"https:\/\/mnlr.ro\/en\/wp-json\/wp\/v2\/posts\/9366","targetHints":{"allow":["GET"]}}],"collection":[{"href":"https:\/\/mnlr.ro\/en\/wp-json\/wp\/v2\/posts"}],"about":[{"href":"https:\/\/mnlr.ro\/en\/wp-json\/wp\/v2\/types\/post"}],"author":[{"embeddable":true,"href":"https:\/\/mnlr.ro\/en\/wp-json\/wp\/v2\/users\/8"}],"replies":[{"embeddable":true,"href":"https:\/\/mnlr.ro\/en\/wp-json\/wp\/v2\/comments?post=9366"}],"version-history":[{"count":2,"href":"https:\/\/mnlr.ro\/en\/wp-json\/wp\/v2\/posts\/9366\/revisions"}],"predecessor-version":[{"id":9369,"href":"https:\/\/mnlr.ro\/en\/wp-json\/wp\/v2\/posts\/9366\/revisions\/9369"}],"wp:featuredmedia":[{"embeddable":true,"href":"https:\/\/mnlr.ro\/en\/wp-json\/wp\/v2\/media\/9367"}],"wp:attachment":[{"href":"https:\/\/mnlr.ro\/en\/wp-json\/wp\/v2\/media?parent=9366"}],"wp:term":[{"taxonomy":"category","embeddable":true,"href":"https:\/\/mnlr.ro\/en\/wp-json\/wp\/v2\/categories?post=9366"},{"taxonomy":"post_tag","embeddable":true,"href":"https:\/\/mnlr.ro\/en\/wp-json\/wp\/v2\/tags?post=9366"}],"curies":[{"name":"wp","href":"https:\/\/api.w.org\/{rel}","templated":true}]}}