{"id":9384,"date":"2019-07-30T15:24:40","date_gmt":"2019-07-30T12:24:40","guid":{"rendered":"http:\/\/mnlr.ro\/?p=9384"},"modified":"2019-07-30T15:24:40","modified_gmt":"2019-07-30T12:24:40","slug":"tic-petrosel-concert-in-gradina-mnlr","status":"publish","type":"post","link":"https:\/\/mnlr.ro\/en\/tic-petrosel-concert-in-gradina-mnlr\/","title":{"rendered":"Tic Petro\u0219el | Concert \u00een Gr\u0103dina MNLR"},"content":{"rendered":"<p><strong>Muzeul Na\u021bional al Literaturii Rom\u00e2ne v\u0103 invit\u0103 vineri, 23 august 2019, de la ora 19.00, \u00een Gr\u0103dina MNLR din Str. Nicolae Cre\u021bulescu nr. 8, la un concert sus\u021binut de folkistul Tic Petro\u0219el.<\/strong><\/p>\n<p>N\u0103scut \u00een 1958, solist, cantautor \u015fi lupt\u0103tor pentru drepturile omului, Tic Petro\u0219el este, \u00een ciuda discre\u021biei care-l caracterizeaz\u0103, genul de artist priceput la vorbe, care \u0219tie s\u0103-\u0219i \u00eentre\u021bin\u0103 publicul cu un discurs muzical de nota 10. Pentru el, profesionalismul nu e doar tehnic\u0103, e mai degrab\u0103 o atitudine fa\u0163\u0103 de muzic\u0103, fa\u021b\u0103 de actul artistic, este capacitatea de a descoperi sensuri noi \u00een ceea ce c\u00e2nt\u0103 de fiecare dat\u0103 c\u00e2nd urc\u0103 pe scen\u0103. Crede c\u0103 a fi folkist \u00eenseamn\u0103 a propaga adev\u0103rul, a c\u0103uta s\u0103 exprimi problemele oamenilor simpli, a educa, a oferi pansamente poetice, a \u00eemp\u0103r\u021bi z\u00e2mbete \u0219i speran\u021b\u0103.<\/p>\n<p>Tic Petro\u0219el atrage ca un magnet sfere de umor s\u0103n\u0103tos, folosind talentul actoricesc propriu. De altfel, unul dintre marii lui prieteni, George Stanca, scria: \u201eM-am trezit prieten cu tine \u015fi niciodat\u0103 n-am \u015ftiut de unde vii? Cine e\u015fti, ce faci la baz\u0103? Pentru mine pari un boem care nu se mai satur\u0103 de boem\u0103. De aceea te iubesc ca pe un mare artist. C\u0103ci e\u015fti. Compozitor, poet, chitarist \u015fi ce chitarist!\u201d<\/p>\n<p>A devenit cunoscut cu \u201eBrumariada\u201d, c\u00e2ntece pe versurile lui Emil Brumaru. Din poemele vechi&#8230; \u015fi tandre ale cunoscutului poet. Tic Petro\u0219el nu ezit\u0103 s\u0103 recurg\u0103 \u0219i la alt gen muzical, a\u0219a cum este jazz-ul, de exemplu, adev\u0103rat mai mult ironic.<\/p>\n<p>Tic Petro\u0219el pre\u021buie\u0219te spontaneitatea crea\u0163iei, responsabilitatea interpretului compozitor, c\u0103ci folk \u00eenseamn\u0103 \u0219i un om \u015fi o chitar\u0103. Artistului \u00eei place s\u0103 d\u0103ruiasc\u0103 din bucuria lui, din energia lui.<\/p>\n<p>Intrarea este liber\u0103.<\/p>\n<p>V\u0103 a\u0219tept\u0103m!<\/p>","protected":false},"excerpt":{"rendered":"<p>Muzeul Na\u021bional al Literaturii Rom\u00e2ne v\u0103 invit\u0103 vineri, 23 august 2019, de la ora 19.00, \u00een Gr\u0103dina MNLR din Str&#8230;.<\/p>","protected":false},"author":8,"featured_media":9385,"comment_status":"closed","ping_status":"closed","sticky":false,"template":"","format":"standard","meta":{"_exactmetrics_skip_tracking":false,"_exactmetrics_sitenote_active":false,"_exactmetrics_sitenote_note":"","_exactmetrics_sitenote_category":0,"footnotes":""},"categories":[27],"tags":[],"class_list":["post-9384","post","type-post","status-publish","format-standard","has-post-thumbnail","hentry","category-concerte-de-muzica"],"_links":{"self":[{"href":"https:\/\/mnlr.ro\/en\/wp-json\/wp\/v2\/posts\/9384","targetHints":{"allow":["GET"]}}],"collection":[{"href":"https:\/\/mnlr.ro\/en\/wp-json\/wp\/v2\/posts"}],"about":[{"href":"https:\/\/mnlr.ro\/en\/wp-json\/wp\/v2\/types\/post"}],"author":[{"embeddable":true,"href":"https:\/\/mnlr.ro\/en\/wp-json\/wp\/v2\/users\/8"}],"replies":[{"embeddable":true,"href":"https:\/\/mnlr.ro\/en\/wp-json\/wp\/v2\/comments?post=9384"}],"version-history":[{"count":1,"href":"https:\/\/mnlr.ro\/en\/wp-json\/wp\/v2\/posts\/9384\/revisions"}],"predecessor-version":[{"id":9386,"href":"https:\/\/mnlr.ro\/en\/wp-json\/wp\/v2\/posts\/9384\/revisions\/9386"}],"wp:featuredmedia":[{"embeddable":true,"href":"https:\/\/mnlr.ro\/en\/wp-json\/wp\/v2\/media\/9385"}],"wp:attachment":[{"href":"https:\/\/mnlr.ro\/en\/wp-json\/wp\/v2\/media?parent=9384"}],"wp:term":[{"taxonomy":"category","embeddable":true,"href":"https:\/\/mnlr.ro\/en\/wp-json\/wp\/v2\/categories?post=9384"},{"taxonomy":"post_tag","embeddable":true,"href":"https:\/\/mnlr.ro\/en\/wp-json\/wp\/v2\/tags?post=9384"}],"curies":[{"name":"wp","href":"https:\/\/api.w.org\/{rel}","templated":true}]}}