{"id":9454,"date":"2019-08-31T21:17:24","date_gmt":"2019-08-31T18:17:24","guid":{"rendered":"http:\/\/mnlr.ro\/?p=9454"},"modified":"2019-09-12T15:06:18","modified_gmt":"2019-09-12T12:06:18","slug":"expozitia-tatal-si-fiii-andor-komives","status":"publish","type":"post","link":"https:\/\/mnlr.ro\/en\/expozitia-tatal-si-fiii-andor-komives\/","title":{"rendered":"Expozi\u021bia | \u201eTat\u0103l \u0219i fiii &#8211; Andor K\u0151mives\u201d"},"content":{"rendered":"<p><strong>Muzeul Na\u021bional al Literaturii Rom\u00e2ne v\u0103 invit\u0103 mar\u021bi, 10 septembrie, ora 17.00, la sediul din Calea Grivi\u021bei 64-66, parter, la vernisajul expozi\u021biei \u201eTat\u0103l \u0219i fiii\u201d, un proiect de suflet al pictorului clujean Andor K\u0151mives care s-a stins din via\u021b\u0103 fulger\u0103tor, \u00een urm\u0103 cu doar c\u00e2teva s\u0103pt\u0103m\u00e2ni. La eveniment vor participa so\u021bia \u0219i fiul artistului, Ioan Cristescu, directorul MNLR, criticul de art\u0103 Pavel \u0218u\u0219ar\u0103 \u0219i curatorul Mirela Tr\u0103istaru.<\/strong><\/p>\n<p>Acest proiect expozi\u021bional, la care pictorul lucra de zece ani, adun\u0103, sub aceea\u0219i cupol\u0103, a\u0219a cum titlul o sugereaz\u0103, lucr\u0103rile familiei K\u0151mives, originar\u0103 din Aiud, jude\u021bul Alba.<\/p>\n<p>\u201eIneditul \u0219i frumuse\u021bea familiei mele vin din for\u021ba autentic\u0103 a laturii artistice cu care tat\u0103l meu \u0219i noi, fiii lui, am fost d\u0103rui\u021bi \u00een aceast\u0103 via\u021b\u0103. Mobilul acestui proiect nu este unul sentimental, de familie, ci este recuperarea unei valori veritabile. Fiecare dintre noi st\u0103m distinct sub semnul unei arte: tat\u0103l meu, Miklos se afl\u0103 sub semnul sculpturii; fratele meu, Nicolae, st\u0103 sub semnul poeziei, iar eu, cel de-al doilea fiu, m\u0103 aflu sub semnul artei vizuale. Dincolo de leg\u0103tura de s\u00e2nge dintre noi, de mo\u0219tenirile genetice, exist\u0103 totu\u0219i o serie de oglindiri subtile pe diverse nivele, dar cu accente culturale \u0219i de sensibilit\u0103\u021bi diferite. Conceptul expozi\u021biei \u0219i al catalogului pun \u00een eviden\u021b\u0103 at\u00e2t \u00eentrep\u0103trunderea organic\u0103 a leg\u0103turilor de sensibilitate, c\u00e2t \u0219i diversitatea fireasc\u0103 dintre noi. Acum, ne afl\u0103m to\u021bi trei \u00eempreun\u0103 \u00eentr-un eveniment de excep\u021bie, de oglindiri plastice \u0219i poetice. Poate nu \u00eent\u00e2mpl\u0103tor artele vizuale, pictura, poezia, sculptura se \u00eent\u00e2lnesc fericit, \u00eencheind astfel acest proiect personal de suflet, care dureaz\u0103 de zece ani. Starea de crea\u021bie este starea de minunare \u00een fa\u021ba lumii, de bucurie, de descoperire prin care accedem la frumuse\u021be, la armonie cu noi \u00een\u0219ine \u0219i cu via\u021ba.\u201d (Andor K\u0151mives)<\/p>\n<p>La vernisajul care va avea loc mar\u021bi, 10 septembrie, ora 17.00, la sediul din Calea Grivi\u021bei 64-66, se va lansa \u0219i catalogul expozi\u021biei, publica\u021bie realizat\u0103 cu sprijinul Prim\u0103riei Capitalei, prin intermediul Muzeului Na\u021bional al Literaturii Rom\u00e2ne.<\/p>\n<div data-url=\"https:\/\/issuu.com\/raduserban\/docs\/cataog_komives_2019_28x21_ro_def\" style=\"width: 500px; height: 333px;\" class=\"issuuembed\"><\/div>\n<p><script type=\"text\/javascript\" src=\"\/\/e.issuu.com\/embed.js\" async=\"true\"><\/script><\/p>\n<p>\u201eFamiliile de arti\u0219ti, care se \u00eentind pe mai multe genera\u021bii, ofer\u0103 un bogat material de studiu, at\u00e2t pentru observatorul \u0219i pentru istoricul de art\u0103, c\u00e2t \u0219i pentru psihologia crea\u021biei \u0219i pentru mai larga perspectiv\u0103 antropologic\u0103. Naturii fruste \u0219i terifiante, formelor brute \u0219i intempestive, de o materialitate n\u0103valnic\u0103 \u0219i devoratoare, din sculptura lui K\u0151mives Miklos, Andor K\u0151mives le r\u0103spunde cu lirica suav\u0103 \u0219i cu un amestec ciudat de melancolie \u0219i de angelism al unui spirit care \u0219i-a dob\u00e2ndit, odat\u0103 cu \u00een\u021belpciunea, \u0219i \u00eemp\u0103carea cu sine. Dac\u0103 \u00een alte familii de arti\u0219ti tat\u0103l este vetust \u0219i fiul modern, \u00een familia K\u0151mives tat\u0103l este tensionat \u0219i teluric, iar fiul imponderabil, imaterial \u0219i contemplativ. Acestui cuplu de arti\u0219ti plastici \u2013 sau vizuali, \u00een idiomul artei contemporane, i se adaug\u0103 poetul Nicolae K\u0151mives, a c\u0103rui poezie are multe afinit\u0103\u021bi, prin transparen\u021ba discursului \u0219i prin expresia minimalist\u0103, cu grafica fratelui s\u0103u, Andor, cel care i-a \u0219i ilustrat poemele. \u201d (Pavel \u0218u\u0219ar\u0103 &#8211; Expresionismul brut \u0219i lirica extrem-oriental\u0103)<\/p>\n<p>*<\/p>\n<p>Miklos K\u0151mives (n. Aiud 1927 \u2013 d. 2013 Aiud) a fost un artist autodidact, cu mult umor \u0219i poezie, situat \u00een zona artei brute, naive. Lucr\u0103rile r\u0103mase de la el sunt sculpturi de mici dimensiuni, din lemn pictat, prin care se dezv\u0103luie lumea arhaic\u0103 a copil\u0103riei, populat\u0103 cu tot felul de personaje reale sau fantastice, animale, p\u0103s\u0103ri \u0219i \u00eengeri, \u00eentr-o viziune de mare for\u021b\u0103 expresiv\u0103 \u0219i libertate. Ca tehnic\u0103 de lucru a exploatat fie anumite forme naturale, pe care le-a integrat \u00een lucr\u0103rile sale, fie a cioplit anumite fragmente pe care le-a asamblat. Culoarea pe form\u0103 este cea care d\u0103 \u201esavoare\u201d acestor mici obiecte. \u00cen ultima perioad\u0103 a vie\u021bii, a expus \u00eentr-o serie de expozi\u021bii: Trei Genera\u021bii \u2013 Turnul Fierarilor, Aiud (2010), Teatrul Gong Sibiu (2011), Oglindiri 1 \u2013 Galeria Barab\u00e1sMiklos, Cluj-Napoca (2012) \u0219i Oglindiri 2 \u2013 Casa Comunit\u0103\u021bii Maghiare \u201eDr. Sz\u00e1sz P\u00e1l\u201d Aiud (2013).<br \/>\nLucr\u0103rile sale au fost apreciate \u0219i remarcate at\u00e2t \u00een presa local\u0103, c\u00e2t \u0219i de critica de specialitate, \u00een publica\u021bii de art\u0103: N\u00c9METH Julia, \u201cK\u00e9t K\u0151mives \u00f6sszetanakod\u00e9k\u201d a Barab\u00e1s Mikl\u00f3s Gal\u00e9ri\u00e1ban (\u201eCei doi K\u0151mives se oglindir\u0103\u201d la Galeria Breslei Barab\u00e1s Mikl\u00f3s) \u00een Art Forum 2011-2012, Association of Hungarian Fine Art and Applied Art Societies, Budapest, Ungaria HU-ISSN- 146-1990 (pp. 352-356).<\/p>\n<p>Nicolae K\u0151mives (n. Aiud 1956 \u2013 d. 1987 Aiud), poet care a l\u0103sat \u00een urm\u0103 o mo\u0219tenire liric\u0103 plin\u0103 de substan\u021b\u0103, originalitate \u0219i for\u021b\u0103. A debutat postum prin grija fratelui Andor K\u0151mives \u0219i a poetului Ioan H\u0103d\u0103rig. Volume publicate: Cana de fum (Fiarele lini\u015ftei), Biblioteca revistei Sfid\u0103ri, Colec\u0163ia Poeme, Dachau, Germania, 1999. Autoportret \u00een zgomotul oglinzii, Editura Aletheia, Bistri\u0163a, 2000, postfa\u0163\u0103 de Nicolae Prelipceanu; V\u00e2n\u0103toare luminoas\u0103 cu fiare \u00eengenunchiate, Aiudul literar, Colec\u0163ia Restituiri, 2013; Trupul \u0219i m\u00e2ine, poeme antologie, Editura Grinta, Cluj-Napoca, 2016.<br \/>\nReferin\u0163e critice: Nicolae Prelipcianu, Oglinda prin care se trece, postfa\u021b\u0103 la Nicolae K\u0151mives, Autoportret \u00een zgomotul oglinzii, Editura Aletheia, 2000 Bistri\u021ba<br \/>\nAdrian Popescu, S\u00e2ngele-\u015fi devine cas\u0103, \u00een Rememor\u0103ri \u015fi revela\u0163ii, Revista Ramuri, 2\/3 \u2013 februarie\/martie 2001<br \/>\nAl Cistelecan, Un debut post-mortem, \u00een Ultimii debutan\u021bi ai mileniului II, Vatra, 4-5, aprilie \u2013 mai 2001<br \/>\nIrina Petra\u0219, Bogata triste\u021be, Romania Literar\u0103 26 \/ 16 iunie 2017<br \/>\nIoana Grui\u021b\u0103 Savu, Dou\u0103 voci \u00eentr-o silab\u0103, Andor K\u0151mives \u00een metadialog cu Nicolae K\u0151mives, Tribuna, 357\/ 2017<br \/>\nGheorghe Mocu\u021ba, Nicolae K\u0151mives, un grefier al con\u015ftiin\u0163ei \u015fi spaimelor, Revista Arca, Arad nr. 7-8-9 \/ 2017<\/p>\n<p>Andor K\u0151mives (n. Aiud 1958 \u2013 d. 2019 Cluj-Napoca) a studiat pictura \u00eentre anii 1979-1983, la Institutul de Arte Plastice \u201eIon Andreescu\u201d din Cluj-Napoca. A fost Prof. univ. dr. la Universitatea de Art\u0103 \u0219i Design din Cluj, Departamentul de pictur\u0103, membru al Uniunii Arti\u0219tilor Plastici din Rom\u00e2nia \u0219i al Asocia\u021biei Aquarium Compagnie din Fran\u021ba. Practica sa artistic\u0103 a cuprins domenii diverse, de la pictur\u0103, grafic\u0103, obiect, p\u00e2n\u0103 la instala\u021bie, land-art \u0219i performance. A \u00eenceput s\u0103 expun\u0103 de la jum\u0103tatea anilor \u201980 \u0219i de atunci, p\u00e2n\u0103 \u00een ultimul an al vie\u021bii, a avut o activitate expozi\u021bional\u0103 intens\u0103, expozi\u021bii personale \u015fi de grup, \u00een Rom\u00e2nia \u0219i \u00een str\u0103in\u0103tate: 16 expozi\u021bii personale \u00een \u021bar\u0103, 5 expozi\u021bii personale \u00een str\u0103in\u0103tate, peste 100 de particip\u0103ri \u00een expozi\u021bii na\u021bionale \u0219i particip\u0103ri la peste 125 de expozi\u021bii de grup la nivel interna\u021bional.<br \/>\nExpozi\u0163ii personale (selec\u021bie):<br \/>\n2018 \u2013 Private Bestiary, Drawing exhibition, Stockmayer Foundation Freie Kust Akademie Stuttgart, Germania;<br \/>\n2017 \u2013 V\u00e2n\u0103toare de fluturi, (Gheorghe Ilea &amp; Andor K\u0151mives), Galeria Arade Bistri\u021ba<br \/>\n(2015) Muzeul de Art\u0103, Cluj-Napoca<br \/>\n2012 \u2013Oglindiri, (K\u0151mives Andor &amp; K\u0151mives Mikl\u00f3s), Galeria Barabas Miklos, Cluj-Napoca<br \/>\n2011 \u2013 Et in Arcadia ergo sum, Spazio Mirionima, Accademia di Belle Arti di Macerata, Italia<br \/>\n2009 \u2013 Communication, Muzeul de Art\u0103Cluj-Napoca<br \/>\n2006 \u2013 Belin-Underground, ICR, Berlin, Germania; 2006 \u2013 Tenta\u0163ia Paradisului, Muzeul de Art\u0103, Cluj-Napoca<br \/>\n2003 \u2013 Auge des Herzen, Galerie T in der PAETEC, Berlin, Germania<br \/>\n2001 \u2013 Ochiul Inimii, Muzeul de Art\u0103 Cluj-Napoca<br \/>\n1999 \u2013 Europ\u0103s\u0103rici, Instala\u021bie \u0219i performance, Galeria Veche, Cluj-Napoca<br \/>\n1993 \u2013 Gijzenrooi Gallery, Geldrop, Olanda<br \/>\n1987 \u2013Spa\u021bii, Galeria Orizont, Bucure\u0219ti<br \/>\nLucr\u0103ri \u00een colec\u021bii publice: Muzeul de Art\u0103 Contemporan\u0103 Bucure\u0219ti, Muzeul de Art\u0103 Cluj-Napoca, Centre d\u2019Art Contemporain Essaouira Maroc, Hungarian Contemporary Art Gallery Dunayska Streda, Slovacia, Stiftung Stockmayer, Stuttgart, Marko Gredovic Gallery, Petrovac, Muntenegru \u0219i altele.<\/p>\n<p><strong>\u00a0 \u00a0 \u00a0 Expozi\u021bia poate fi vizitat\u0103 \u00een perioada <\/strong><strong>\u00a06-20 septembrie.<\/strong><br \/>\n<strong>Va a\u0219tept\u0103m cu drag!<\/strong><\/p>","protected":false},"excerpt":{"rendered":"<p>Muzeul Na\u021bional al Literaturii Rom\u00e2ne v\u0103 invit\u0103 mar\u021bi, 10 septembrie, ora 17.00, la sediul din Calea Grivi\u021bei 64-66, parter, la&#8230;<\/p>","protected":false},"author":8,"featured_media":9455,"comment_status":"closed","ping_status":"closed","sticky":false,"template":"","format":"standard","meta":{"_exactmetrics_skip_tracking":false,"_exactmetrics_sitenote_active":false,"_exactmetrics_sitenote_note":"","_exactmetrics_sitenote_category":0,"footnotes":""},"categories":[9,36,8],"tags":[],"class_list":["post-9454","post","type-post","status-publish","format-standard","has-post-thumbnail","hentry","category-evenimente","category-expozitii","category-recomandari"],"_links":{"self":[{"href":"https:\/\/mnlr.ro\/en\/wp-json\/wp\/v2\/posts\/9454","targetHints":{"allow":["GET"]}}],"collection":[{"href":"https:\/\/mnlr.ro\/en\/wp-json\/wp\/v2\/posts"}],"about":[{"href":"https:\/\/mnlr.ro\/en\/wp-json\/wp\/v2\/types\/post"}],"author":[{"embeddable":true,"href":"https:\/\/mnlr.ro\/en\/wp-json\/wp\/v2\/users\/8"}],"replies":[{"embeddable":true,"href":"https:\/\/mnlr.ro\/en\/wp-json\/wp\/v2\/comments?post=9454"}],"version-history":[{"count":10,"href":"https:\/\/mnlr.ro\/en\/wp-json\/wp\/v2\/posts\/9454\/revisions"}],"predecessor-version":[{"id":9571,"href":"https:\/\/mnlr.ro\/en\/wp-json\/wp\/v2\/posts\/9454\/revisions\/9571"}],"wp:featuredmedia":[{"embeddable":true,"href":"https:\/\/mnlr.ro\/en\/wp-json\/wp\/v2\/media\/9455"}],"wp:attachment":[{"href":"https:\/\/mnlr.ro\/en\/wp-json\/wp\/v2\/media?parent=9454"}],"wp:term":[{"taxonomy":"category","embeddable":true,"href":"https:\/\/mnlr.ro\/en\/wp-json\/wp\/v2\/categories?post=9454"},{"taxonomy":"post_tag","embeddable":true,"href":"https:\/\/mnlr.ro\/en\/wp-json\/wp\/v2\/tags?post=9454"}],"curies":[{"name":"wp","href":"https:\/\/api.w.org\/{rel}","templated":true}]}}