{"id":9502,"date":"2019-09-06T13:19:23","date_gmt":"2019-09-06T10:19:23","guid":{"rendered":"http:\/\/mnlr.ro\/?p=9502"},"modified":"2019-09-06T13:19:23","modified_gmt":"2019-09-06T10:19:23","slug":"lectura-artistica-el-domnul-caragiale","status":"publish","type":"post","link":"https:\/\/mnlr.ro\/en\/lectura-artistica-el-domnul-caragiale\/","title":{"rendered":"Lectur\u0103 artistic\u0103 | \u201eEl, domnul Caragiale\u201d"},"content":{"rendered":"<p><strong>Muzeul Na\u021bional al Literaturii Rom\u00e2ne v\u0103 invit\u0103 la o lectur\u0103 artistic\u0103 \u201eEl, domnul Caragiale\u201d, o \u00eent\u00e2lnire inedit\u0103 dintre Caragiale \u0219i Ea, respectiv Marius Bodochi \u0219i Rodica Mandache, dar \u0219i o reporter\u0103, Cristina Elena Moldovan, luni, 23 septembrie 2019, de la ora 17.00, \u00een Mansarda sediului din Str. Nicolae Cre\u021bulescu nr. 8 (\u00een spatele Bisericii Albe). Un spectacol de Rodica Mandache. Ilustra\u021bia muzical\u0103: Roxana Docan.<\/strong><\/p>\n<p>Ion Luca Caragiale s-a n\u0103scut la 30 ianuarie 1852, dar a fost declarat \u00een acte abia la 1 februarie. Certificatul de botez, descoperit \u00een anii 1970 la Arhivele Statului, men\u0163ioneaz\u0103: \u201eLa \u00eent\u00e2i ale lunii lui februarie anul o mie opt sute cincizeci \u015fi doi au n\u0103scut Iecaterina cu legiuitul dumisale so\u0163 a nume Dl Luca Caragiali. \u015ei ast\u0103zi la \u015fapte ale lunii lui Februarie anul o mie opt sute cinci-zeci \u015fi doi s\u00b4a botezat \u00een legea pravoslavnic\u0103 a Bisericii R\u0103s\u0103ritului\u201d.<\/p>\n<p>\u201eEl, domnul Caragiale\u201d este un text frumos \u00een care Caragiale aminte\u0219te, undeva, la final de faptul c\u0103 neamul rom\u00e2nesc a\u0219teapt\u0103 cu r\u0103bdare s\u0103 vin\u0103 vremea c\u00e2nd va da culturii \u0219i civiliza\u021biei europene concursul specific, cu care a fost \u00eenzestrat de Dumnezeu. \u201e\u00cemi imputa\u021bi c\u0103 \u00een scrierile mele n-a\u0219 avea destul\u0103 iubire. Eu cred c\u0103 o fi, dar, fire\u0219te, ca s\u0103 o g\u0103seasc\u0103 cineva trebuie s\u0103 o caute. Cum s-ar zice: cus\u0103tura pingelii nu se vede dac\u0103 nu e f\u0103cut\u0103 cu a\u021b\u0103 alb\u0103. Numai c\u0103 eu, dragii mei, am scris de dragul pingelii, nu al cus\u0103turii. Dac\u0103 v\u0103 place, bine, eu v\u0103 mul\u021b\u0103mesc. Dac\u0103 nu, merge\u021bi \u0219i voi la al\u021bi mu\u0219terii, c\u0103 slav\u0103 Dumnului, sunt destui. Sup\u0103rare nu \u00eencape. S\u0103 fi\u021bi s\u0103n\u0103to\u0219i \u0219i veseli! Al vostru Caragiale\u201d.<\/p>\n<p>M\u00e2ndria de a-\u0219i tr\u0103i lucid epoca se asociaz\u0103 \u00een teatrul lui Caragiale cu hot\u0103r\u00e2rea inflexibil\u0103 de a nu dezarma \u00een fa\u021ba infamiei. A fost gazetar, sufleur, revizor \u015fcolar, copist, profesor, corector, registrator, director general al Teatrelor, patron de ber\u0103rii falimentare, iar \u00een politic\u0103 a trecut de la conservatori la sociali\u015fti, apoi la liberali, junimi\u015fti \u015fi radicali.<\/p>\n<p>Intrarea este liber\u0103, \u00een ordinea sosirii, \u00een limita locurilor disponibile.<\/p>\n<p>V\u0103 a\u0219tept\u0103m cu drag!<\/p>","protected":false},"excerpt":{"rendered":"<p>Muzeul Na\u021bional al Literaturii Rom\u00e2ne v\u0103 invit\u0103 la o lectur\u0103 artistic\u0103 \u201eEl, domnul Caragiale\u201d, o \u00eent\u00e2lnire inedit\u0103 dintre Caragiale \u0219i&#8230;<\/p>","protected":false},"author":8,"featured_media":9503,"comment_status":"closed","ping_status":"closed","sticky":false,"template":"","format":"standard","meta":{"_exactmetrics_skip_tracking":false,"_exactmetrics_sitenote_active":false,"_exactmetrics_sitenote_note":"","_exactmetrics_sitenote_category":0,"footnotes":""},"categories":[8,38],"tags":[],"class_list":["post-9502","post","type-post","status-publish","format-standard","has-post-thumbnail","hentry","category-recomandari","category-seri-de-poezie-si-muzica"],"_links":{"self":[{"href":"https:\/\/mnlr.ro\/en\/wp-json\/wp\/v2\/posts\/9502","targetHints":{"allow":["GET"]}}],"collection":[{"href":"https:\/\/mnlr.ro\/en\/wp-json\/wp\/v2\/posts"}],"about":[{"href":"https:\/\/mnlr.ro\/en\/wp-json\/wp\/v2\/types\/post"}],"author":[{"embeddable":true,"href":"https:\/\/mnlr.ro\/en\/wp-json\/wp\/v2\/users\/8"}],"replies":[{"embeddable":true,"href":"https:\/\/mnlr.ro\/en\/wp-json\/wp\/v2\/comments?post=9502"}],"version-history":[{"count":1,"href":"https:\/\/mnlr.ro\/en\/wp-json\/wp\/v2\/posts\/9502\/revisions"}],"predecessor-version":[{"id":9504,"href":"https:\/\/mnlr.ro\/en\/wp-json\/wp\/v2\/posts\/9502\/revisions\/9504"}],"wp:featuredmedia":[{"embeddable":true,"href":"https:\/\/mnlr.ro\/en\/wp-json\/wp\/v2\/media\/9503"}],"wp:attachment":[{"href":"https:\/\/mnlr.ro\/en\/wp-json\/wp\/v2\/media?parent=9502"}],"wp:term":[{"taxonomy":"category","embeddable":true,"href":"https:\/\/mnlr.ro\/en\/wp-json\/wp\/v2\/categories?post=9502"},{"taxonomy":"post_tag","embeddable":true,"href":"https:\/\/mnlr.ro\/en\/wp-json\/wp\/v2\/tags?post=9502"}],"curies":[{"name":"wp","href":"https:\/\/api.w.org\/{rel}","templated":true}]}}