{"id":9518,"date":"2019-09-06T19:31:31","date_gmt":"2019-09-06T16:31:31","guid":{"rendered":"http:\/\/mnlr.ro\/?p=9518"},"modified":"2019-09-17T09:55:41","modified_gmt":"2019-09-17T06:55:41","slug":"orasul-canta-program-7-8-septembrie-2019","status":"publish","type":"post","link":"https:\/\/mnlr.ro\/en\/orasul-canta-program-7-8-septembrie-2019\/","title":{"rendered":"ORA\u0218UL C\u00c2NT\u0102 | PROGRAM 7 \u2013 8 SEPTEMBRIE 2019"},"content":{"rendered":"<p><strong>Programul Ora\u0219ul c\u00e2nt\u0103 lansat de Cantus Mundi, program la care Muzeul Na\u021bional al Literaturii Rom\u00e2ne este partener, ofer\u0103 bucure\u0219tenilor o extindere a proiectelor muzicale ale Festivalului Interna\u021bional George Enescu prin peste 250 de evenimente muzicale neconven\u021bionale, care vor avea loc \u00een parcuri, muzee, centre comerciale \u0219i cl\u0103diri de birouri din toate col\u021burile Bucure\u0219tiului. S\u00e2mb\u0103t\u0103, 7 septembrie, de la ora 20.00, v\u0103 a\u0219tept\u0103m, \u00een Gr\u0103dina MNLR (str. Nicolae Cre\u0219ulescu 8), la recitalurile de pian ale elevilor Colegiului Na\u021bional de Arte \u201eDinu Lipatti\u201d, Bucure\u0219ti. Vor fi al\u0103turi de noi \u0219i copiii de la Corul \u201eAllegretto\u201d, tot din Bucure\u0219ti.<\/strong><\/p>\n<p>Accesul publicului la evenimentele desf\u0103\u0219urate \u00een cadrul programului Ora\u0219ul c\u00e2nt\u0103 este liber.<\/p>\n<p>Program \u0219i arti\u0219ti 7 \u2013 8 septembrie 2019<\/p>\n<p>S\u00e2mb\u0103t\u0103, 7 septembrie 2019<br \/>\n11:00 \u2013 12:30 &#8211; Muzeul Na\u021bional al \u021a\u0103ranului Rom\u00e2n<br \/>\nCorul \u201eHappy Kids\u201d, Buz\u0103u<br \/>\nCorul \u201eVoci cristaline\u201d, R\u00e2mnicul S\u0103rat, Buz\u0103u<br \/>\n\u201eFanfara de copii din Cioc\u0103ne\u0219ti\u201d, C\u0103l\u0103ra\u0219i<br \/>\n12:00 &#8211; 13:00 &#8211; Mega Mall<br \/>\nMini-recital de flaut, solist\u0103 &#8211; Gabriela Peticil\u0103<br \/>\nCorul \u201eAllegretto\u201d, Bucure\u0219ti<br \/>\n12:30 &#8211; 13:30 &#8211; Mall Promenada<br \/>\nStreet Music &#8211; recital pian<br \/>\nCorul \u201eHappy Kids\u201d, Buz\u0103u<br \/>\nCorul \u201eVoci cristaline\u201d, R\u00e2mnicul S\u0103rat, Buz\u0103u<br \/>\n13:00 &#8211; 14:00 &#8211; Mall AFI Cotroceni<br \/>\nMini-recital vioar\u0103 \u0219i pian &#8211; Marta B\u0103ceasnu \u0219i Gabriel St\u0103nescu<br \/>\nCorul \u201eContrapunct\u201d, Bucure\u0219ti<br \/>\nCorul \u201eLia Cioc\u00e2rlia\u201d, Bucure\u0219ti<br \/>\n13:30 &#8211; 14:30 \u2013 Sun Plaza<br \/>\nStreet Music &#8211; recital pian<br \/>\nCorul \u201eRom\u00e2na\u0219ul\u201d, Bucure\u0219ti<br \/>\nCorul \u201eHarmonie\u201d, Piatra Neam\u021b<br \/>\n17:00 \u2013 19:00 &#8211; Muzeul Na\u021bional al Satului<br \/>\nCorul mixt \u201eTrison\u201d, Br\u0103ila<br \/>\nConcert al Orchestrelor reunite ale \u0218colilor Gimnaziale de arte nr. 3 \u0219i \u201eIosif Sava\u201d, Bucure\u0219ti<\/p>\n<p>17:00 \u2013 18:30 &#8211; Parcul Circului de Stat<br \/>\nCorul \u201eRom\u00e2na\u0219ul\u201d, Bucure\u0219ti<br \/>\nCorul \u201eContrapunct\u201d, Bucure\u0219ti<br \/>\n17:00 \u2013 18:30 &#8211; Parcul Tineretului<br \/>\n\u201eFanfara de copii din Cioc\u0103ne\u0219ti\u201d, C\u0103l\u0103ra\u0219i<br \/>\nCorul \u201eHarmonie\u201d, Piatra Neam\u021b<br \/>\nStreet music<br \/>\n17:00 \u2013 18:30 &#8211; Parcul Drumul Taberei (Moghioro\u0219)<br \/>\nMini-recital vioar\u0103 \u0219i pian &#8211; Marta B\u0103ceasnu \u0219i Gabriel St\u0103nescu<br \/>\nCorul \u201eLia Cioc\u00e2rlia\u201d, Bucure\u0219ti<br \/>\n18:30 \u2013 20:00 &#8211; Muzeul Na\u021bional \u201eGeorge Enescu\u201d<br \/>\nRecitaluri pian \u0219i vioar\u0103 &#8211; elevii Colegiului Na\u021bional de Arte \u201eDinu Lipatti\u201d, Bucure\u0219ti<br \/>\n20:00 \u2013 21:30 &#8211; Muzeul Na\u021bional al Literaturii Rom\u00e2ne (Strada Nicolae Cre\u021bulescu nr. 8, sector 1)<br \/>\nRecitaluri pian &#8211; elevii Colegiului Na\u021bional de Arte \u201eDinu Lipatti\u201d, Bucure\u0219ti<br \/>\nCorul \u201eAllegretto\u201d, Bucure\u0219ti<\/p>\n<p>\u00b7 Duminic\u0103, 8 septembrie 2019<br \/>\n12:00 &#8211; 13:00 &#8211; Mega Mall<br \/>\nMini-recital de flaut, solist\u0103 &#8211; Gabriela Peticil\u0103<br \/>\nCorul \u201eRom\u00e2na\u0219ul\u201d, Bucure\u0219ti<br \/>\nCorul \u201eHarmonie\u201d, Piatra Neam\u021b<br \/>\n12:30 &#8211; 13:30 &#8211; Mall Promenada<br \/>\nMini-recital de flaut, solist\u0103 &#8211; Gabriela Peticil\u0103<br \/>\nCorul \u201eContrapunct\u201d, Bucure\u0219ti<br \/>\nCorul \u201eLia Cioc\u00e2rlia\u201d, Bucure\u0219ti<br \/>\n13:00 &#8211; 14:00 &#8211; Mall AFI Cotroceni<br \/>\nMini-recital de flaut, solist\u0103 &#8211; Gabriela Peticil\u0103<br \/>\nCorul \u201eVoci cristaline\u201d, R\u00e2mnicul S\u0103rat, Buz\u0103u<br \/>\nCorul \u201eHappy Kids\u201d, Buz\u0103u<br \/>\n13:30 &#8211; 14:30 \u2013 Sun Plaza<br \/>\nLight Quartet<br \/>\nCorul \u201eVocea Copil\u0103riei\u201d, Bucure\u0219ti<br \/>\nCorul \u201eAllegretto\u201d, Bucure\u0219ti<br \/>\n17:00 \u2013 19:00 &#8211; Muzeul Na\u021bional al Satului<br \/>\nCorul \u201eContrapunct\u201d, Bucure\u0219ti<br \/>\nConcert al Orchestrei \u201eMezzo Forte Soul Music\u201d, Otopeni, Ilfov<br \/>\n17:00 \u2013 18:30 &#8211; Parcul Circului de Stat<br \/>\nCorul mixt \u201eTrison\u201d, Br\u0103ila<br \/>\nCorul \u201eHappy Kids\u201d, Bucure\u0219ti<br \/>\nStreet music<br \/>\n17:00 \u2013 18:30 &#8211; Parcul Tineretului<br \/>\nConcert al Orchestrelor reunite ale \u0218colilor Gimnaziale de arte nr. 3 \u0219i \u201eIosif Sava\u201d, Bucure\u0219ti<br \/>\nCorul \u201eVoci cristaline\u201d, R\u00e2mnicul S\u0103rat, Buz\u0103u<br \/>\nLight Quartet<br \/>\n17:00 \u2013 18:30 &#8211; Parcul Drumul Taberei (Moghioro\u0219)<br \/>\n\u201eFanfara de copii din Cioc\u0103ne\u0219ti\u201d, C\u0103l\u0103ra\u0219i<br \/>\nCorul \u201eAllegra\u201d, Bucure\u0219ti<br \/>\nMini-recital vioar\u0103 \u0219i pian &#8211; Marta B\u0103ceasnu \u0219i Gabriel St\u0103nescu<\/p>\n<p>Ora\u0219ul c\u00e2nt\u0103 este un proiect dezvoltat de Programul Na\u021bional Cantus Mundi prin Corul Na\u021bional de Camer\u0103 \u201eMadrigal \u2013 Marin Constantin\u201d, ca program asociat Festivalului Interna\u021bional George Enescu 2019. Ora\u0219ul C\u00e2nt\u0103 este desf\u0103\u0219urat de Cantus Mundi Bucure\u0219ti, cu sprijinul Prim\u0103riei Municipiului Bucure\u0219ti, prin PROEDUS \u2013 Centrul de Proiecte Educa\u021bionale \u0219i Sportive.<br \/>\nParteneri: CBRE Rom\u00e2nia, Muzeul Na\u021bional \u201eGeorge Enescu\u201d, Muzeul Na\u021bional al \u021a\u0103ranului Rom\u00e2n, Biblioteca Central\u0103 Universitar\u0103 \u201eCarol I\u201d, Galeria Galateca, Muzeul Na\u021bional al Literaturii Rom\u00e2ne, Muzeul Na\u021bional al Satului \u201eDimitrie Gusti\u201d, Promenada, Mega Mall, Sun Plaza, AFI Cotroceni.<br \/>\nParteneri media: Agen\u021biadeCarte.ro, Agerpres, Bookhub, Ca\u021bavencii, Cea\u0219ca de cultur\u0103, feeder.ro, 4arte.ro, Itsy Bitsy FM, Metropotam, platforma Calendarevenimente.ro, Radio Bucure\u0219ti FM, Raftul cu idei, SENSOTV.RO, Societatea Muzical\u0103, Zile \u0219i Nop\u021bi Bucure\u0219ti.<\/p>\n<p>Despre Festivalul Interna\u021bional George Enescu<br \/>\nAjuns la cea de-a XXIV-a edi\u021bie, Festivalul Interna\u021bional George Enescu se va desf\u0103\u0219ura \u00een perioada 31 august-22 septembrie 2019. \u00cen s\u0103lile de concerte din Bucure\u0219ti, vor urca pe scen\u0103 peste 2.500 dintre cei mai valoro\u0219i muzicieni ai lumii, av\u00e2nd 50 de na\u021bionalit\u0103\u021bi \u0219i vor fi prezentate 84 de concerte \u0219i recitaluri. Edi\u021bia din acest an a festivalului totalizeaz\u0103 34 de prezen\u021be \u00een premier\u0103 \u00een Rom\u00e2nia: 25 de arti\u0219ti, printre care Marion Cotillard, Kiril Petrenko, Mitsuko Uchida \u0219i nou\u0103 dintre cele mai bine cotate orchestre din lume. Edi\u021bia 2019 a Festivalului Enescu \u00ee\u0219i a\u0219teapt\u0103 publicul la Sala Mare a Palatului, Ateneul Rom\u00e2n, Sala Radio \u0219i la Sala Mic\u0103 a Palatului la concerte \u0219i recitaluri grupate \u00een jurul a \u0219ase mari sec\u021biuni: \u201eMari orchestre ale lumii\u201d, \u201eConcertele de la miezul nop\u021bii\u201d, \u201eRecitaluri \u0219i concerte camerale\u201d, \u201eMuzica secolului XXI\u201d, \u201eMozart Week in Residence\u201d \u0219i \u201eForumul Interna\u021bional al Compozitorilor\u201d. De asemenea, vor avea loc concerte \u0219i evenimente \u00een Pia\u021ba Festivalului, conferin\u021be, lans\u0103ri de discuri \u0219i de carte, spectacole extraordinare.<br \/>\nPentru mai multe detalii: https:\/\/www.festivalenescu.ro\/<\/p>\n<p>Despre Cantus Mundi<br \/>\nProgramul Cantus Mundi Bucure\u0219ti (instituit prin Hot\u0103r\u00e2rea nr. 285\/ 17.05.2018 a Consiliului General al Municipiului Bucure\u0219ti) se desf\u0103\u0219oar\u0103 pentru dezvoltarea mi\u0219c\u0103rii corale din Capital\u0103, astfel \u00eenc\u00e2t, \u00een perioada urm\u0103toare, 300 de noi coruri s\u0103 reuneasc\u0103 peste 9.000 de copii \u0219i tineri bucure\u0219teni, motiva\u021bi s\u0103 fie parte a unei mi\u0219c\u0103ri culturale prestigioase \u0219i incluzive. Cantus Mundi Bucure\u0219ti este implementat \u00een cadrul Programului Na\u021bional Cantus Mundi \u0219i se desf\u0103\u0219oar\u0103 \u00een parteneriat cu Prim\u0103ria Municipiului Bucure\u0219ti, prin PROEDUS \u2013 Centrul de Proiecte Educa\u021bionale \u0219i Sportive.<\/p>\n<p>Programul Na\u021bional Cantus Mundi este cel mai mare program de integrare social\u0103 prin muzic\u0103 din Rom\u00e2nia, ini\u021biat \u00een 2011 de reputatul dirijor Ion Marin \u0219i derulat al\u0103turi de membri ai Corului Na\u021bional de Camer\u0103 \u201eMadrigal \u2013 Marin Constantin\u201d. Dup\u0103 8 ani de activitate, Programul Na\u021bional Cantus Mundi a adunat sub umbrela sa peste 1.300 de coruri. Peste 45.700 de copii, al\u0103turi de dirijorii lor, particip\u0103 la promovarea c\u00e2ntului coral pe \u00eentreg cuprinsul \u021b\u0103rii, dep\u0103\u0219ind barierele legate de etnie, condi\u021bie social\u0103 \u0219i capacit\u0103\u021bi fizice sau psihice, construind astfel nuclee culturale complexe, at\u00e2t de necesare pentru revitalizarea societ\u0103\u021bii noastre.<\/p>\n<p>Despre CBRE Rom\u00e2nia<br \/>\nCBRE Group, Inc. (NYSE: CBRE), Fortune 500 \u0219i S&amp;P 500 cu sediul central \u00een Los Angeles este cea mai mare companie de servicii comerciale \u0219i investi\u021bii \u00een real estate din lume, pe baza veniturilor din 2018. Compania are peste 90.000 de angaja\u021bi (f\u0103r\u0103 a include afilia\u021bii), r\u0103spunde nevoilor dezvoltatorilor imobiliari \u0219i deserve\u0219te proprietari \u0219i chiria\u0219i prin intermediul celor peste 480 de birouri (excluz\u00e2nd filialele) din \u00eentreaga lume. \u00cen Rom\u00e2nia, CBRE este lider al segmentului de comercial real estate \u0219i ofer\u0103 o gam\u0103 extins\u0103 de servicii integrate, inclusiv administrare \u0219i coordonare de tranzac\u021bii \u0219i management de proiecte, servicii de Design and Build, managementul propriet\u0103\u021bii, administrarea investi\u021biilor, evaluare, \u00eenchiriere de propriet\u0103\u021bi, consultan\u021b\u0103 strategic\u0103, v\u00e2nz\u0103ri de propriet\u0103\u021bi, servicii ipotecare \u0219i servicii de dezvoltare. Pentru mai multe informa\u021bii, v\u0103 rug\u0103m accesa\u021bi www.cbre.ro.<\/p>\n<p>Parteneri media:<br \/>\nRadio Rom\u00e2nia Cultural, RFI, TV City, Observator Cultural, Cultura, Contemporanul, Agen\u0163iadeCarte.ro, publica\u021bia on-line IQool, AGERPRES, Trinitas<\/p>","protected":false},"excerpt":{"rendered":"<p>Programul Ora\u0219ul c\u00e2nt\u0103 lansat de Cantus Mundi, program la care Muzeul Na\u021bional al Literaturii Rom\u00e2ne este partener, ofer\u0103 bucure\u0219tenilor o&#8230;<\/p>","protected":false},"author":8,"featured_media":9519,"comment_status":"closed","ping_status":"closed","sticky":false,"template":"","format":"standard","meta":{"_exactmetrics_skip_tracking":false,"_exactmetrics_sitenote_active":false,"_exactmetrics_sitenote_note":"","_exactmetrics_sitenote_category":0,"footnotes":""},"categories":[32,9,8],"tags":[],"class_list":["post-9518","post","type-post","status-publish","format-standard","has-post-thumbnail","hentry","category-educatie-muzeala","category-evenimente","category-recomandari"],"_links":{"self":[{"href":"https:\/\/mnlr.ro\/en\/wp-json\/wp\/v2\/posts\/9518","targetHints":{"allow":["GET"]}}],"collection":[{"href":"https:\/\/mnlr.ro\/en\/wp-json\/wp\/v2\/posts"}],"about":[{"href":"https:\/\/mnlr.ro\/en\/wp-json\/wp\/v2\/types\/post"}],"author":[{"embeddable":true,"href":"https:\/\/mnlr.ro\/en\/wp-json\/wp\/v2\/users\/8"}],"replies":[{"embeddable":true,"href":"https:\/\/mnlr.ro\/en\/wp-json\/wp\/v2\/comments?post=9518"}],"version-history":[{"count":1,"href":"https:\/\/mnlr.ro\/en\/wp-json\/wp\/v2\/posts\/9518\/revisions"}],"predecessor-version":[{"id":9520,"href":"https:\/\/mnlr.ro\/en\/wp-json\/wp\/v2\/posts\/9518\/revisions\/9520"}],"wp:featuredmedia":[{"embeddable":true,"href":"https:\/\/mnlr.ro\/en\/wp-json\/wp\/v2\/media\/9519"}],"wp:attachment":[{"href":"https:\/\/mnlr.ro\/en\/wp-json\/wp\/v2\/media?parent=9518"}],"wp:term":[{"taxonomy":"category","embeddable":true,"href":"https:\/\/mnlr.ro\/en\/wp-json\/wp\/v2\/categories?post=9518"},{"taxonomy":"post_tag","embeddable":true,"href":"https:\/\/mnlr.ro\/en\/wp-json\/wp\/v2\/tags?post=9518"}],"curies":[{"name":"wp","href":"https:\/\/api.w.org\/{rel}","templated":true}]}}