{"id":9572,"date":"2019-09-13T12:19:14","date_gmt":"2019-09-13T09:19:14","guid":{"rendered":"http:\/\/mnlr.ro\/?p=9572"},"modified":"2019-09-25T16:08:54","modified_gmt":"2019-09-25T13:08:54","slug":"program-zilele-bucurestiului-la-mnlr","status":"publish","type":"post","link":"https:\/\/mnlr.ro\/en\/program-zilele-bucurestiului-la-mnlr\/","title":{"rendered":"Zilele Bucure\u0219tiului la MNLR | Program 20-22 septembrie 2019"},"content":{"rendered":"<p><strong>Cu prilejul \u00eemplinirii a 560 de ani de atestare documentar\u0103 a ora\u015fului Bucure\u015fti (20 septembrie 1459), a 360 de ani de c\u00e2nd Bucure\u015ftiul a devenit Capitala \u0162\u0103rii Rom\u00e2ne\u015fti (1659), Prim\u0103ria Municipiului Bucure\u0219ti prin Muzeul Na\u0163ional al Literaturii Rom\u00e2ne organizeaz\u0103, \u00een perioada 20-22 septembrie 2019, o serie de evenimente culturale reunite sub genericul \u201eZilele Bucure\u0219tiului\u201d: ateliere pentru copii, conferin\u021be, lansarea Audioghidului MNLR \u0219i concerte de muzic\u0103 folk.<\/strong><\/p>\n<p>Men\u021bion\u0103m c\u0103 s\u00e2mb\u0103t\u0103, 21 septembrie, Muzeul Na\u021bional al Literaturii Rom\u00e2ne este deschis p\u00e2n\u0103 la ora 24.00.<\/p>\n<p><strong>PROGRAM<br \/>\n20 septembrie 2019<\/strong><\/p>\n<p>19.00<\/p>\n<p>Concert Eugen Cristea<\/p>\n<p>Spectacolul este construit cu migal\u0103 pe o temelie solid\u0103 de poezie, comedie \u0219i muzic\u0103. \u00cenc\u0103 de la sf\u00e2r\u0219itul studen\u021biei jucase deja la Teatrul Ion Creang\u0103 \u0219i fusese \u00een celebrul Cenaclu Flac\u0103ra, sus\u021bin\u00e2nd momente muzicale cu chitara \u0219i vocea. Din anul 1980 \u0219i p\u00e2n\u0103 azi, a jucat pe scena Teatrului Na\u021bional din Bucure\u0219ti \u00een peste 40 de piese, cu o poft\u0103 \u0219i o dragoste pentru scen\u0103 la fel de proaspete, de energice \u0219i de vii, nediminuate \u00een to\u021bi ace\u0219ti ani. A ie\u0219it la pensie de la Teatrul Na\u021bional, dar e neobosit \u00een teatrul independent.<\/p>\n<p><strong>21 septembrie 2019<\/strong><\/p>\n<p>10.00-12.00,12.00-14.00 \u0219i 14.00-16.00<\/p>\n<p>Atelierele pentru copii<\/p>\n<p>Copiii \u00eentre 8 \u0219i 12 ani sunt invita\u021bi s\u0103 contureze o hart\u0103 a str\u0103zilor din Bucure\u0219ti \u0219i a sta\u021biilor de metrou explor\u00e2nd s\u0103lile expozi\u021bionale din Casa cu literaturi. Unde a locuit Ioan Slavici c\u00e2nd a ajuns \u00een Bucure\u0219ti? Ce scriitori au locuit \u00een apropierea S\u0103lii Palatului sau a Pie\u021bei Amzei? Dar pe Calea Victoriei nr. 9?<\/p>\n<p>17.00<\/p>\n<p><em>Bucure\u0219tiul literar<\/em><\/p>\n<p>Conferin\u021b\u0103 sus\u021binut\u0103 de acad. R\u0103zvan Theodorescu, istoric de art\u0103, doctor \u00een \u015ftiin\u0163e istorice, pre\u015fedintele Sec\u0163iei de Arte, Arhitectur\u0103 \u015fi Audiovizual a Academiei Rom\u00e2ne, profesor la Universitatea de Arte, membru titular al Academiei Rom\u00e2ne, despre Bucure\u0219tiul literar. Ve\u021bi afla c\u0103 Muzeul Na\u021bional al Literaturii Rom\u00e2ne se afl\u0103 \u00een apropierea caselor \u00een care au locuit scriitori precum Titu Maiorescu, Mihai Eminescu, Nichita St\u0103nescu, Geo Bogza. Ve\u021bi asculta pove\u0219ti misterioase care s-au petrecut \u00eentr-un Bucure\u015fti cu adev\u0103rat european,\u00a0cunoscut sub denumirea de Micul Paris \u0219i dominat de case vechi, boiere\u015fti, interesante, de palate de tip parizian.\u00a0Academicianul va vorbi \u0219i despre c\u0103r\u021bile publicate de Editura Muzeului Literaturii Rom\u00e2ne \u201eMuzeele Bucure\u0219tiului de ieri \u0219i de azi\u201d \u0219i \u201eMonumentele Bucure\u0219tiului\u201d.<\/p>\n<p>18.00<\/p>\n<p>Lansarea Audioghidului MNLR<\/p>\n<p>\u00cen parteneriat cu Radio Rom\u00e2nia \u0219i TVR, MNLR lanseaz\u0103 Audioghidul MNLR. Dup\u0103 prezentarea public\u0103 din luna martie a Audioghidului pentru copii \u0219i, respectiv, a celui pentru adolescen\u021bi, MNLR a\u0219teapt\u0103 studen\u021bii, p\u0103rin\u021bii, profesorii \u0219i iubitorii de literatur\u0103 s\u0103 exploreze spa\u021biul expozi\u021bional din Strada Nicolae Cre\u021bulescu 8 ascult\u00e2nd povestea scris\u0103 de Radu B\u0103ie\u0219u \u0219i interpretat\u0103 de Attila Vizauer. Audioghidul include, de asemenea, o fin\u0103 selec\u021bie a tablourilor din expozi\u021bia de baz\u0103 prezentate de criticul de art\u0103 Pavel \u0218u\u0219ar\u0103, precum \u0219i interviuri, lecturi \u0219i confesiuni ale autorilor rom\u00e2ni la radio sau la televiziune. Vor participa echipa de proiect \u0219i invita\u021bii speciali: Irina Negraru, Attila Vizauer, Mihai Lungeanu.<\/p>\n<p>Echipa de proiect: \u0218tefania Co\u0219ovei, Ani\u021ba Grigoriu, Alina Nicoleta Ioan, Andra Ispas, Cristina Milca, Iuliana Miu, Olimpia Novicov, Eugenia Oprescu, Oana Oros, Loreta Popa, Luana Stroe, Eugenia \u021aar\u0103lung\u0103, Loredana Voicil\u0103 (documentare); Luigi Bambulea, Bianca Cernat, Paul Cernat, Radu Sergiu Ruba, Pavel \u0218u\u0219ar\u0103 (consultan\u021bi \u0219tiin\u021bifici);\u00a0 Radu B\u0103ie\u0219u (text);\u00a0Attila Vizauer (lectur\u0103);\u00a0Mihai Lungeanu (regizor artistic);\u00a0 Mihnea Chelariu (regizor tehnic); Daniel Paul Ciobanu, Marian Cristian Golescu, Alexandru Ursu (multimedia);\u00a0Gabriela Toma (coordonator proiect).<\/p>\n<p>19.00<\/p>\n<p>\u201ePovestea bribanocului\u201d cu interpreta de muzic\u0103 veche Doina Lavric-Parghel.<\/p>\n<p>Venit\u0103 din Suceava \u00een Bucure\u015fti la \u00eendemnul lui Grigore Le\u015fe, Doina Lavric Parghel \u015fi-a \u015flefuit continuu talentul, cu migal\u0103 \u015fi r\u0103bdare, p\u00e2n\u0103 a ajuns s\u0103 str\u0103luceasc\u0103 precum diamantul. Dup\u0103 ce a scos discul Poveste din Bucovina, \u00eenso\u0163it de un album grafic impresionant semnat Virgiliu Parghel, pictor \u015fi grafician consacrat, lumea a aflat ce povestitoare ne\u00eentrecut\u0103 este.<\/p>\n<p><strong>22 septembrie 2019<\/strong><\/p>\n<p>19.00<\/p>\n<p>Concert folk \u0218tefania Iacob<\/p>\n<p>C\u00e2nt\u0103 de la 13 ani muzic\u0103 folk. Tangen\u021be cu muzica a avut de mic\u0103, fiind \u00eendrumat\u0103 de la 7 ani spre liceul de art\u0103. A ascultat o pies\u0103 de-a Tatianei Stepa \u0219i a\u0219a s-a \u00eendr\u0103gostit de mesajul transmis de muzica folk \u0219i a sim\u021bit c\u0103-l poate duce mai departe. La 16 ani avea deja un album, \u201eDe dorul ochilor c\u0103prui\u201d, care con\u021bine opt piese compuse de \u0218tefania Iacob pe versurile lui Sorin Poclitaru. Acum lanseaz\u0103 al treilea album \u00een Gr\u0103dina MNLR.<\/p>\n<p>Prin aceste manifest\u0103ri, Muzeul Na\u0163ional al Literaturii Rom\u00e2ne \u00ee\u0219i dore\u0219te s\u0103 readuc\u0103 \u00een memoria publicului parfumul de alt\u0103dat\u0103, o lume colorat\u0103 \u00een soarele de acum un veac, dintr-un ora\u015f cu o poveste f\u0103r\u0103 sf\u00e2r\u015fit \u2013 \u00a0Bucure\u015fti, sau Micul Paris, cum i se spunea cu c\u0103ldur\u0103 odinioar\u0103.<\/p>\n<p>\u00cen acest sf\u00e2r\u0219it de s\u0103pt\u0103m\u00e2n\u0103, Muzeul Na\u021bional al Literaturii Rom\u00e2ne v\u0103 mai propune vizionarea proiec\u021biei filmului \u201eOrizont\u201d, regia Marian Cri\u0219an, vineri, 20 septembrie, de la ora 20.30, \u0219i \u201eOra\u0219ul c\u00e2nt\u0103\u201d, s\u00e2mb\u0103t\u0103, 21 septembrie, de la ora 20.00. \u201eOra\u0219ul c\u00e2nt\u0103\u201d \u00eembrac\u0103 Bucure\u0219tiul \u00eentr-o hain\u0103 muzical\u0103 pe toat\u0103 perioada de desf\u0103\u0219urare a Festivalului Interna\u021bional George Enescu. Astfel, fiecare turist sau rezident al Bucure\u0219tiului se poate bucura de experien\u021ba extraordinar\u0103 pe care festivalul o creeaz\u0103 la fiecare edi\u021bie. Iar duminic\u0103, 22 septembrie, de la ora 15.00, v\u0103 a\u0219tept\u0103m la dou\u0103 lans\u0103ri de carte, \u201edetectivu\u2019 \u0218arlahoms\u201d de Matei Ungureanu \u0219i \u201eDe ce eu?\u201d \u0219i \u201ePove\u0219ti de pe la noi\u201d de Camelia Morda Baciu, ap\u0103rute la Editura Minela.<\/p>\n<p>Intrarea la evenimente este liber\u0103, \u00een limita locurilor disponibile. V\u0103 a\u0219tept\u0103m cu drag!<\/p>","protected":false},"excerpt":{"rendered":"<p>Cu prilejul \u00eemplinirii a 560 de ani de atestare documentar\u0103 a ora\u015fului Bucure\u015fti (20 septembrie 1459), a 360 de ani&#8230;<\/p>","protected":false},"author":8,"featured_media":9573,"comment_status":"closed","ping_status":"closed","sticky":false,"template":"","format":"standard","meta":{"_exactmetrics_skip_tracking":false,"_exactmetrics_sitenote_active":false,"_exactmetrics_sitenote_note":"","_exactmetrics_sitenote_category":0,"footnotes":""},"categories":[9,8],"tags":[],"class_list":["post-9572","post","type-post","status-publish","format-standard","has-post-thumbnail","hentry","category-evenimente","category-recomandari"],"_links":{"self":[{"href":"https:\/\/mnlr.ro\/en\/wp-json\/wp\/v2\/posts\/9572","targetHints":{"allow":["GET"]}}],"collection":[{"href":"https:\/\/mnlr.ro\/en\/wp-json\/wp\/v2\/posts"}],"about":[{"href":"https:\/\/mnlr.ro\/en\/wp-json\/wp\/v2\/types\/post"}],"author":[{"embeddable":true,"href":"https:\/\/mnlr.ro\/en\/wp-json\/wp\/v2\/users\/8"}],"replies":[{"embeddable":true,"href":"https:\/\/mnlr.ro\/en\/wp-json\/wp\/v2\/comments?post=9572"}],"version-history":[{"count":4,"href":"https:\/\/mnlr.ro\/en\/wp-json\/wp\/v2\/posts\/9572\/revisions"}],"predecessor-version":[{"id":9577,"href":"https:\/\/mnlr.ro\/en\/wp-json\/wp\/v2\/posts\/9572\/revisions\/9577"}],"wp:featuredmedia":[{"embeddable":true,"href":"https:\/\/mnlr.ro\/en\/wp-json\/wp\/v2\/media\/9573"}],"wp:attachment":[{"href":"https:\/\/mnlr.ro\/en\/wp-json\/wp\/v2\/media?parent=9572"}],"wp:term":[{"taxonomy":"category","embeddable":true,"href":"https:\/\/mnlr.ro\/en\/wp-json\/wp\/v2\/categories?post=9572"},{"taxonomy":"post_tag","embeddable":true,"href":"https:\/\/mnlr.ro\/en\/wp-json\/wp\/v2\/tags?post=9572"}],"curies":[{"name":"wp","href":"https:\/\/api.w.org\/{rel}","templated":true}]}}